{"id":1056,"date":"2013-03-06T14:43:03","date_gmt":"2013-03-06T13:43:03","guid":{"rendered":"http:\/\/aah.noblogs.org\/?p=1056"},"modified":"2013-03-08T18:09:14","modified_gmt":"2013-03-08T17:09:14","slug":"soest-nazifrei-09-03-2013","status":"publish","type":"post","link":"https:\/\/aah.noblogs.org\/?p=1056","title":{"rendered":"Soest Nazifrei &#8211; 09.03.2013"},"content":{"rendered":"<p>+++<a href=\"http:\/\/soest.blogsport.de\/2013\/03\/06\/karte-und-informationen\/\">Newsupdate 08.03.2013<\/a>+++<\/p>\n<p><strong>Aktuelle Informationen<\/strong><\/p>\n<p>\u201eDie Rechte\u201c hat mittlerweile einen kurzen Aufruf ver\u00f6ffentlicht. Thema wird die abgelehnte Revision im Fall Kayahan B. sein. (siehe: <a href=\"http:\/\/www.soester-anzeiger.de\/lokales\/soest\/reaktion-urteil-fall-ueberrascht-enttaeuscht-2777751.html\">SoAnz<\/a>)<br \/>\nDer Aufh\u00e4nger der Nazis lautet: \u201eWir fordern Schlu\u00df mit der Kuscheljustiz f\u00fcr kriminelle Ausl\u00e4nder!\u201c, deshalb w\u00fcrde das \u201eanst\u00e4ndige Deutschland\u201c am Samstag mit Ihnen demonstrieren. Ferner sei das Urteil ein \u201eSchlag in das Gesicht der Familie von Tim K\u201c.<\/p>\n<div>\n<p>Allerdings handelt es sich bei dem Aufmarsch der Nazis um einen erneuten \u201eSchlag\u201c, so erkl\u00e4rten die Eltern bereits im letzten Jahr \u201eAls Eltern distanzieren wir uns von politischer Instrumentalisierung und der Demonstration von Rechts; die Nationalit\u00e4t des T\u00e4ters hat bei der Bewertung der Tat keine Bedeutung\u201c. Bei der Wahnvorstellung, dass die deutsche Justiz Ausl\u00e4nder bevorzugt behandeln w\u00fcrde, kann man nur den Kopf sch\u00fctteln. Ihr dreister Versuch aus dem Tod eines Menschen politisches Kapital zu schlagen, zeigt nur, wie gering ihre Wertsch\u00e4tzung f\u00fcr das Opfer ist.<\/p>\n<p>Die Nazis wollen sich um 12:00 Uhr am Bahnhof treffen und um 12:30 mit der Demonstration starten. Solltet ihr mit dem Zug anreisen, empfehlen wir fr\u00fcher anzureisen um nicht auf die, vermutlich zusammen \u00fcber Hamm anreisenden, Nazis zu treffen. <strong>Details zu den Protesten folgen die Tage. Gegen Nazis \u2013 hier und \u00fcberall! <\/strong><\/p>\n<p>Quelle: <a href=\"http:\/\/soest.blogsport.de\/\">Soest Nazifrei!<\/a><\/p>\n<\/div>\n","protected":false},"excerpt":{"rendered":"<p>+++Newsupdate 08.03.2013+++ Aktuelle Informationen \u201eDie Rechte\u201c hat mittlerweile einen kurzen Aufruf ver\u00f6ffentlicht. Thema wird die abgelehnte Revision im Fall Kayahan B. sein. (siehe: SoAnz) Der Aufh\u00e4nger der Nazis lautet: \u201eWir fordern Schlu\u00df mit der Kuscheljustiz f\u00fcr kriminelle Ausl\u00e4nder!\u201c, deshalb w\u00fcrde &hellip; <a href=\"https:\/\/aah.noblogs.org\/?p=1056\">Weiterlesen <span class=\"meta-nav\">&rarr;<\/span><\/a><\/p>\n","protected":false},"author":1605,"featured_media":0,"comment_status":"closed","ping_status":"open","sticky":false,"template":"","format":"standard","meta":{"footnotes":""},"categories":[4],"tags":[],"class_list":["post-1056","post","type-post","status-publish","format-standard","hentry","category-mobilisierung"],"_links":{"self":[{"href":"https:\/\/aah.noblogs.org\/index.php?rest_route=\/wp\/v2\/posts\/1056","targetHints":{"allow":["GET"]}}],"collection":[{"href":"https:\/\/aah.noblogs.org\/index.php?rest_route=\/wp\/v2\/posts"}],"about":[{"href":"https:\/\/aah.noblogs.org\/index.php?rest_route=\/wp\/v2\/types\/post"}],"author":[{"embeddable":true,"href":"https:\/\/aah.noblogs.org\/index.php?rest_route=\/wp\/v2\/users\/1605"}],"replies":[{"embeddable":true,"href":"https:\/\/aah.noblogs.org\/index.php?rest_route=%2Fwp%2Fv2%2Fcomments&post=1056"}],"version-history":[{"count":3,"href":"https:\/\/aah.noblogs.org\/index.php?rest_route=\/wp\/v2\/posts\/1056\/revisions"}],"predecessor-version":[{"id":1058,"href":"https:\/\/aah.noblogs.org\/index.php?rest_route=\/wp\/v2\/posts\/1056\/revisions\/1058"}],"wp:attachment":[{"href":"https:\/\/aah.noblogs.org\/index.php?rest_route=%2Fwp%2Fv2%2Fmedia&parent=1056"}],"wp:term":[{"taxonomy":"category","embeddable":true,"href":"https:\/\/aah.noblogs.org\/index.php?rest_route=%2Fwp%2Fv2%2Fcategories&post=1056"},{"taxonomy":"post_tag","embeddable":true,"href":"https:\/\/aah.noblogs.org\/index.php?rest_route=%2Fwp%2Fv2%2Ftags&post=1056"}],"curies":[{"name":"wp","href":"https:\/\/api.w.org\/{rel}","templated":true}]}}