{"id":1060,"date":"2013-03-20T22:27:29","date_gmt":"2013-03-20T21:27:29","guid":{"rendered":"http:\/\/aah.noblogs.org\/?p=1060"},"modified":"2013-03-26T19:43:03","modified_gmt":"2013-03-26T18:43:03","slug":"kein-vergeben-kein-vergessen-demonstration-am-30-03-in-dortmund","status":"publish","type":"post","link":"https:\/\/aah.noblogs.org\/?p=1060","title":{"rendered":"Kein Vergeben, kein Vergessen \u2013 Demonstration am 30.03. in Dortmund"},"content":{"rendered":"<p>F\u00fcnf Menschen wurden seit dem Jahr 2001 in Dortmund von Neonazis ermordet. Zahlreiche schwere \u00dcbergriffe auf Migrant_innen und Nazigegner_innen, Anschl\u00e4ge auf Parteib\u00fcros und Wohnh\u00e4user haben in den letzten Jahren die Aufmerksamkeit auf das Dortmunder Naziproblem gelenkt.<\/p>\n<p>Ende August 2012 war es dann so weit. Nach Jahren des Verharmlosens, Wegschauens und Ignorierens hat der staatliche Repressionsapparat zugeschlagen und den \u201cNationalen Widerstand Dortmund\u201d (NWDO) verboten. Doch wer geglaubt hat, hier f\u00e4nde mehr statt als ein symbolischer Schlag gegen Nazistrukturen, sieht sich get\u00e4uscht. In den letzten Monaten haben die Dortmunder Neonazis ihre Struktur unter dem Dach der Partei \u201cDie Rechte\u201d wieder aufgebaut.<\/p>\n<p>Auch \u00fcber Dortmund hinaus standen im vergangenen Jahr Morde von Neonazis im Fokus der \u00d6ffentlichkeit. Seit Ende 2011 die Mordserie des \u201cNationalsozialistischen Untergrunds\u201d (NSU) aufgedeckt wurde, \u00fcberschlagen sich Politiker_innen und Beamt_innen mit Lippenbekenntnissen zum Kampf gegen Rechts und der Aufkl\u00e4rung der Mordserie. Die Realit\u00e4t ist freilich eine andere. Akten werden vernichtet, Aussagen vor den Untersuchungsaussch\u00fcssen verweigert, bei den Expert_innen aus Verfasschungsschutz und Polizei machen sich erstaunliche Ged\u00e4chtnisl\u00fccken breit. Der Apparat, der den NSU erm\u00f6glicht hat, verwischt seine Spuren vor den Augen der \u00d6ffentlichkeit.<\/p>\n<p>Grund genug f\u00fcr uns erneut auf die Stra\u00dfe zu gehen. Am 30.03. wollen wir an Mehmet Kubasik, Thomas \u201cSchmuddel\u201d Schulz und alle anderen Opfer rechter Gewalt erinnern. S\u00e4mtliche Infos zur Demonstration findet ihr auf diesem Blog.<\/p>\n<p>weitere &amp; aktuelle Infos unter: <a href=\"http:\/\/dortmund.blogsport.de\/\">dortmund.blogsport.de<\/a> \/ <a href=\"http:\/\/dab.nadir.org\/\">dab.nadir.org<\/a><\/p>\n","protected":false},"excerpt":{"rendered":"<p>F\u00fcnf Menschen wurden seit dem Jahr 2001 in Dortmund von Neonazis ermordet. Zahlreiche schwere \u00dcbergriffe auf Migrant_innen und Nazigegner_innen, Anschl\u00e4ge auf Parteib\u00fcros und Wohnh\u00e4user haben in den letzten Jahren die Aufmerksamkeit auf das Dortmunder Naziproblem gelenkt. Ende August 2012 war &hellip; <a href=\"https:\/\/aah.noblogs.org\/?p=1060\">Weiterlesen <span class=\"meta-nav\">&rarr;<\/span><\/a><\/p>\n","protected":false},"author":1605,"featured_media":0,"comment_status":"closed","ping_status":"open","sticky":false,"template":"","format":"standard","meta":{"footnotes":""},"categories":[1],"tags":[],"class_list":["post-1060","post","type-post","status-publish","format-standard","hentry","category-allgemeines"],"_links":{"self":[{"href":"https:\/\/aah.noblogs.org\/index.php?rest_route=\/wp\/v2\/posts\/1060","targetHints":{"allow":["GET"]}}],"collection":[{"href":"https:\/\/aah.noblogs.org\/index.php?rest_route=\/wp\/v2\/posts"}],"about":[{"href":"https:\/\/aah.noblogs.org\/index.php?rest_route=\/wp\/v2\/types\/post"}],"author":[{"embeddable":true,"href":"https:\/\/aah.noblogs.org\/index.php?rest_route=\/wp\/v2\/users\/1605"}],"replies":[{"embeddable":true,"href":"https:\/\/aah.noblogs.org\/index.php?rest_route=%2Fwp%2Fv2%2Fcomments&post=1060"}],"version-history":[{"count":4,"href":"https:\/\/aah.noblogs.org\/index.php?rest_route=\/wp\/v2\/posts\/1060\/revisions"}],"predecessor-version":[{"id":1062,"href":"https:\/\/aah.noblogs.org\/index.php?rest_route=\/wp\/v2\/posts\/1060\/revisions\/1062"}],"wp:attachment":[{"href":"https:\/\/aah.noblogs.org\/index.php?rest_route=%2Fwp%2Fv2%2Fmedia&parent=1060"}],"wp:term":[{"taxonomy":"category","embeddable":true,"href":"https:\/\/aah.noblogs.org\/index.php?rest_route=%2Fwp%2Fv2%2Fcategories&post=1060"},{"taxonomy":"post_tag","embeddable":true,"href":"https:\/\/aah.noblogs.org\/index.php?rest_route=%2Fwp%2Fv2%2Ftags&post=1060"}],"curies":[{"name":"wp","href":"https:\/\/api.w.org\/{rel}","templated":true}]}}