{"id":1149,"date":"2013-06-25T19:22:17","date_gmt":"2013-06-25T17:22:17","guid":{"rendered":"http:\/\/aah.noblogs.org\/?p=1149"},"modified":"2013-06-25T22:07:23","modified_gmt":"2013-06-25T20:07:23","slug":"antifaschistische-spontandemonstration-mit-50-teilnehmenden-verhalten-der-polizei-unzumutbar-nazis-wie-immer-lacherlich","status":"publish","type":"post","link":"https:\/\/aah.noblogs.org\/?p=1149","title":{"rendered":"Antifaschistische Spontandemonstration mit 50 Teilnehmenden. Verhalten der Polizei unzumutbar \u2013 Nazis wie immer: l\u00e4cherlich!"},"content":{"rendered":"<p><a href=\"https:\/\/aah.noblogs.org\/files\/2013\/06\/AntifaSponti2.jpg\"><img loading=\"lazy\" decoding=\"async\" class=\"alignleft size-medium wp-image-1158\" alt=\"AntifaSponti\" src=\"https:\/\/aah.noblogs.org\/files\/2013\/06\/AntifaSponti2-300x200.jpg\" width=\"300\" height=\"200\" srcset=\"https:\/\/aah.noblogs.org\/files\/2013\/06\/AntifaSponti2-300x200.jpg 300w, https:\/\/aah.noblogs.org\/files\/2013\/06\/AntifaSponti2-1024x682.jpg 1024w\" sizes=\"auto, (max-width: 300px) 100vw, 300px\" \/><\/a>Um die gestrige Gr\u00fcndung des fragw\u00fcrdigen Vereins \u201cBackup \u2013 Comeback: Westf\u00e4lischer Verein f\u00fcr die offensive Auseinandersetzung mit dem Rechtsextremismus e.V.\u201d im Heinrich-von-Kleist-Forum zu begleiten hatte die ehemalige Kameradschaft Hamm, jetzt \u201cDie Rechte\u201d zu einer Kundgebung aufgerufen. Diese fand mit 27 Teilnehmenden vor dem Spielcasino am \u201cPlatz der deutschen Einheit\u201d statt.<br \/>\nDie Polizei begann bereits eineinhalb Stunden vor eben jener Kundgebung mit wahllosen Personenkontrollen vor allem junger Menschen im Bereich der Veranstaltung. Dies veranlasste ca. 25 Menschen spontan eine Demonstration durch die westliche Innenstadt durchzuf\u00fchren, um gegen eine \u201cHomezone f\u00fcr Nazis\u201d in Hamm zu demonstrieren, die die Polizei mit ihrem Verhalten erzeugen wollte. Der Demonstration schlossen sich schnell weitere Menschen an. Nach einigen Schikanen seitens der Polizei kam die Demonstration in Sicht- und H\u00f6rweite der Nazis und gab lautstark ihrem Protest ausdruck. Mittlerweile waren ca. 50 Demonstrierende zusammengekommen. Die Kundgebung der Nazis durchlief st\u00f6rungsintensive 60 Minuten in trauriger Einsamkeit. Der unverh\u00e4ltnism\u00e4\u00dfig massive Polizeieinsatz ist ein altbekannter Umstand. Gleichzeitig bewiesen die Demonstrierenden auf der Stra\u00dfe, was gelebter Antifaschismus ist. Seitens der Gr\u00fcndungsmitglieder des Vereins w\u00e4re es also m\u00f6glich gewesen, eine \u201coffensive Auseinandersetzung\u201d spontan auf der Stra\u00dfe zu f\u00fchren \u2013 sie blieben leider im Heinrich-von-Kleist-Forum.<\/p>\n<p>Am 19. Juli auf der Antifa-Vorabenddemo und am 20. Juli auf der Demonstration des haekelclub590 kann diese offensive Auseinandersetzung nachgeholt werden. Unter dem Titel \u201cSame Shit \u2013 Different Label\u201d soll es auf die Stra\u00dfe gehen.<\/p>\n<p>Weitere Informationen dazu finden sich auf hamm.noblogs.org<\/p>\n<p>Bilder der Kundgebung von &#8222;die Rechte&#8220;:<\/p>\n<p><a href=\"https:\/\/aah.noblogs.org\/files\/2013\/06\/die-Rechte-24.06.2013.jpg\"><img loading=\"lazy\" decoding=\"async\" class=\"alignnone size-thumbnail wp-image-1151\" alt=\"die Rechte 24.06.2013\" src=\"https:\/\/aah.noblogs.org\/files\/2013\/06\/die-Rechte-24.06.2013-150x150.jpg\" width=\"150\" height=\"150\" \/><\/a>\u00a0 <a href=\"https:\/\/aah.noblogs.org\/files\/2013\/06\/die-Rechte-24.06.2013-3.jpg\"><img loading=\"lazy\" decoding=\"async\" class=\"alignnone size-thumbnail wp-image-1152\" alt=\"die Rechte 24.06.2013 (3)\" src=\"https:\/\/aah.noblogs.org\/files\/2013\/06\/die-Rechte-24.06.2013-3-150x150.jpg\" width=\"150\" height=\"150\" \/><\/a>\u00a0 <a href=\"https:\/\/aah.noblogs.org\/files\/2013\/06\/die-Rechte-24.06.2013-2.jpg\"><img loading=\"lazy\" decoding=\"async\" class=\"alignnone size-thumbnail wp-image-1153\" alt=\"die Rechte 24.06.2013 (2)\" src=\"https:\/\/aah.noblogs.org\/files\/2013\/06\/die-Rechte-24.06.2013-2-150x150.jpg\" width=\"150\" height=\"150\" \/><\/a><\/p>\n","protected":false},"excerpt":{"rendered":"<p>Um die gestrige Gr\u00fcndung des fragw\u00fcrdigen Vereins \u201cBackup \u2013 Comeback: Westf\u00e4lischer Verein f\u00fcr die offensive Auseinandersetzung mit dem Rechtsextremismus e.V.\u201d im Heinrich-von-Kleist-Forum zu begleiten hatte die ehemalige Kameradschaft Hamm, jetzt \u201cDie Rechte\u201d zu einer Kundgebung aufgerufen. Diese fand mit 27 &hellip; <a href=\"https:\/\/aah.noblogs.org\/?p=1149\">Weiterlesen <span class=\"meta-nav\">&rarr;<\/span><\/a><\/p>\n","protected":false},"author":1605,"featured_media":0,"comment_status":"closed","ping_status":"open","sticky":false,"template":"","format":"standard","meta":{"footnotes":""},"categories":[1],"tags":[],"class_list":["post-1149","post","type-post","status-publish","format-standard","hentry","category-allgemeines"],"_links":{"self":[{"href":"https:\/\/aah.noblogs.org\/index.php?rest_route=\/wp\/v2\/posts\/1149","targetHints":{"allow":["GET"]}}],"collection":[{"href":"https:\/\/aah.noblogs.org\/index.php?rest_route=\/wp\/v2\/posts"}],"about":[{"href":"https:\/\/aah.noblogs.org\/index.php?rest_route=\/wp\/v2\/types\/post"}],"author":[{"embeddable":true,"href":"https:\/\/aah.noblogs.org\/index.php?rest_route=\/wp\/v2\/users\/1605"}],"replies":[{"embeddable":true,"href":"https:\/\/aah.noblogs.org\/index.php?rest_route=%2Fwp%2Fv2%2Fcomments&post=1149"}],"version-history":[{"count":4,"href":"https:\/\/aah.noblogs.org\/index.php?rest_route=\/wp\/v2\/posts\/1149\/revisions"}],"predecessor-version":[{"id":1155,"href":"https:\/\/aah.noblogs.org\/index.php?rest_route=\/wp\/v2\/posts\/1149\/revisions\/1155"}],"wp:attachment":[{"href":"https:\/\/aah.noblogs.org\/index.php?rest_route=%2Fwp%2Fv2%2Fmedia&parent=1149"}],"wp:term":[{"taxonomy":"category","embeddable":true,"href":"https:\/\/aah.noblogs.org\/index.php?rest_route=%2Fwp%2Fv2%2Fcategories&post=1149"},{"taxonomy":"post_tag","embeddable":true,"href":"https:\/\/aah.noblogs.org\/index.php?rest_route=%2Fwp%2Fv2%2Ftags&post=1149"}],"curies":[{"name":"wp","href":"https:\/\/api.w.org\/{rel}","templated":true}]}}