{"id":1292,"date":"2014-03-30T22:16:31","date_gmt":"2014-03-30T20:16:31","guid":{"rendered":"http:\/\/aah.noblogs.org\/?p=1292"},"modified":"2014-03-31T15:41:32","modified_gmt":"2014-03-31T13:41:32","slug":"kaempa-showan-gemeint-sind-wir-alle","status":"publish","type":"post","link":"https:\/\/aah.noblogs.org\/?p=1292","title":{"rendered":"K\u00e4mpa Showan \u2013 Gemeint sind wir alle"},"content":{"rendered":"<p><a href=\"https:\/\/aah.noblogs.org\/files\/2014\/03\/K\u00e4mpa.jpg\"><img loading=\"lazy\" decoding=\"async\" class=\"alignleft size-medium wp-image-1293\" alt=\"K\u00e4mpa\" src=\"https:\/\/aah.noblogs.org\/files\/2014\/03\/K\u00e4mpa-300x183.jpg\" width=\"300\" height=\"183\" srcset=\"https:\/\/aah.noblogs.org\/files\/2014\/03\/K\u00e4mpa-300x183.jpg 300w, https:\/\/aah.noblogs.org\/files\/2014\/03\/K\u00e4mpa-490x300.jpg 490w, https:\/\/aah.noblogs.org\/files\/2014\/03\/K\u00e4mpa.jpg 1000w\" sizes=\"auto, (max-width: 300px) 100vw, 300px\" \/><\/a>Solidarit\u00e4t mit allen Opfern rechter Gewalt.<\/p>\n<p>In der Nacht vom 8. M\u00e4rz 2014 \u00fcberfielen Neonazis in Malm\u00f6\/ Schweden gezielt eine Gruppe von Antifaschist_innen, die nach einer feministischen Demonstration auf dem Weg nach Hause waren. Dabei gingen Sie mit Messern gegen die Gruppe vor und verletzten die Demonstrierenden und den Aktivisten Showan Shattak so schwer, dass er ins k\u00fcnstliche Koma versetzt werden musste. Mittlerweile ist er aus dem Koma wieder erwacht und auf dem Weg der Besserung.<\/p>\n<p>Mit unserer Soliaktion wollen wir unser Mitgef\u00fchl und unsere Verbundenheit mit den Attackierten und unsere besten W\u00fcnsche f\u00fcr Showan nach Malm\u00f6 schicken. Immer wieder kommt es zu Angriffen von Neonazis auf Fl\u00fcchtlinge und Fremde, Andersdenkende und Andershandelnde. Wir erkl\u00e4ren uns solidarisch mit allen Opfern von rechter Gewalt \u2013 \u00fcberall und uneingeschr\u00e4nkt. K\u00e4mpa Showan bleibt f\u00fcr uns alle eine Aufforderung : Wir bleiben solidarisch \u2013 und wir k\u00e4mpfen weiter: gegen Faschismus, Sexismus und alle Formen gruppenbezogener Menschenfeindlichkeit.<\/p>\n<p>Aus Hamm nach Malm\u00f6 ein starkes \u201cK\u00e4mpa Showan\u201d. Ihr mahnt uns: Antifaschismus bleibt immer Selbstverteidigung!<\/p>\n","protected":false},"excerpt":{"rendered":"<p>Solidarit\u00e4t mit allen Opfern rechter Gewalt. In der Nacht vom 8. M\u00e4rz 2014 \u00fcberfielen Neonazis in Malm\u00f6\/ Schweden gezielt eine Gruppe von Antifaschist_innen, die nach einer feministischen Demonstration auf dem Weg nach Hause waren. Dabei gingen Sie mit Messern gegen &hellip; <a href=\"https:\/\/aah.noblogs.org\/?p=1292\">Weiterlesen <span class=\"meta-nav\">&rarr;<\/span><\/a><\/p>\n","protected":false},"author":1605,"featured_media":0,"comment_status":"closed","ping_status":"open","sticky":false,"template":"","format":"standard","meta":{"footnotes":""},"categories":[1],"tags":[],"class_list":["post-1292","post","type-post","status-publish","format-standard","hentry","category-allgemeines"],"_links":{"self":[{"href":"https:\/\/aah.noblogs.org\/index.php?rest_route=\/wp\/v2\/posts\/1292","targetHints":{"allow":["GET"]}}],"collection":[{"href":"https:\/\/aah.noblogs.org\/index.php?rest_route=\/wp\/v2\/posts"}],"about":[{"href":"https:\/\/aah.noblogs.org\/index.php?rest_route=\/wp\/v2\/types\/post"}],"author":[{"embeddable":true,"href":"https:\/\/aah.noblogs.org\/index.php?rest_route=\/wp\/v2\/users\/1605"}],"replies":[{"embeddable":true,"href":"https:\/\/aah.noblogs.org\/index.php?rest_route=%2Fwp%2Fv2%2Fcomments&post=1292"}],"version-history":[{"count":3,"href":"https:\/\/aah.noblogs.org\/index.php?rest_route=\/wp\/v2\/posts\/1292\/revisions"}],"predecessor-version":[{"id":1297,"href":"https:\/\/aah.noblogs.org\/index.php?rest_route=\/wp\/v2\/posts\/1292\/revisions\/1297"}],"wp:attachment":[{"href":"https:\/\/aah.noblogs.org\/index.php?rest_route=%2Fwp%2Fv2%2Fmedia&parent=1292"}],"wp:term":[{"taxonomy":"category","embeddable":true,"href":"https:\/\/aah.noblogs.org\/index.php?rest_route=%2Fwp%2Fv2%2Fcategories&post=1292"},{"taxonomy":"post_tag","embeddable":true,"href":"https:\/\/aah.noblogs.org\/index.php?rest_route=%2Fwp%2Fv2%2Ftags&post=1292"}],"curies":[{"name":"wp","href":"https:\/\/api.w.org\/{rel}","templated":true}]}}