{"id":1499,"date":"2015-06-29T09:49:56","date_gmt":"2015-06-29T07:49:56","guid":{"rendered":"http:\/\/aah.noblogs.org\/?p=1499"},"modified":"2015-06-30T09:54:19","modified_gmt":"2015-06-30T07:54:19","slug":"antirassistische-demonstration-30-juni-2015-essen","status":"publish","type":"post","link":"https:\/\/aah.noblogs.org\/?p=1499","title":{"rendered":"antirassistische Demonstration &#8211; 30. Juni 2015 &#8211; Essen"},"content":{"rendered":"<h4>Kommt zur antirassistischen Demonstration am 30. Juni 2015 nach Essen!<br \/>\nGlobale Bewegungsfreiheit und ein gutes Leben f\u00fcr Alle!<\/h4>\n<p><a href=\"https:\/\/noehc.noblogs.org\/call\/\"><img loading=\"lazy\" decoding=\"async\" class=\"alignleft wp-image-1500 size-full\" src=\"https:\/\/aah.noblogs.org\/files\/2015\/06\/CIlcgG2WsAAettz.png\" alt=\"CIlcgG2WsAAettz\" width=\"599\" height=\"156\" srcset=\"https:\/\/aah.noblogs.org\/files\/2015\/06\/CIlcgG2WsAAettz.png 599w, https:\/\/aah.noblogs.org\/files\/2015\/06\/CIlcgG2WsAAettz-300x78.png 300w, https:\/\/aah.noblogs.org\/files\/2015\/06\/CIlcgG2WsAAettz-500x130.png 500w\" sizes=\"auto, (max-width: 599px) 100vw, 599px\" \/><\/a><\/p>\n<h4>Sterben im Mittelmeer beenden!<\/h4>\n<p>Seit Jahren sterben zehntausende Menschen an Europas Au\u00dfengrenzen bei dem Versuch, Armut und Verfolgung zu entkommen. Obwohl EU-Politiker*innen regelm\u00e4\u00dfig Mitleid bekunden, werden keine legalen Fluchtwege geschaffen und die t\u00f6dliche, milit\u00e4rische Abschottung der Grenzen versch\u00e4rft. Die Menschen werden nicht aufh\u00f6ren zu fliehen, auch wenn Europa mit mehr Gewalt Boote zur\u00fcckdr\u00e4ngt oder zerst\u00f6rt. Europa, wir alle, tragen direkte Verantwortung f\u00fcr die Toten im Mittelmeer. Wir haben genug von geheuchelten Mitleidsbekundungen und fordern F\u00e4hren statt Frontex! Europa darf nicht mehr \u201esichere Herkunftsl\u00e4nder\u201c erfinden sondern muss sichere Fluchtwege schaffen.<!--more--><\/p>\n<h3>European Homecare schlie\u00dfen!<br \/>\nGeld f\u00fcr Wohnungen statt Lager und Heime!<\/h3>\n<p>Menschen, die es dennoch nach Deutschland schaffen, werden systematisch entw\u00fcrdigt, misshandelt und von jeder Teilhabe ausgeschlossen. Rassismus und menschenunw\u00fcrdige Zust\u00e4nde in oft miserablen Behelfs- und Dauerunterk\u00fcnften bestimmen ihren Alltag. St\u00e4ndig droht die Abschiebung. Die Versorgung von Gefl\u00fcchteten wird ohne verbindliche Standards gewinnbringend privatisiert und den billigsten Anbietern zugeteilt. Ein Beispiel daf\u00fcr ist European Homecare (EHC). Obwohl gegen EHC und \u00fcber 50 von EHC beauftragte Sicherheitsleute wegen Folter- und Misshandlungsvorw\u00fcrfen seit Herbst 2014 strafrechtlich ermittelt wird, darf dieselbe Firma mit den selben Mitarbeitern im Auftrag von Beh\u00f6rden zahlreiche Heime f\u00fcr Gefl\u00fcchtete weiter gewinnbringend betreiben. Bundesweit wird auf Bewachung durch Secruity statt auf kompetente soziale Betreuung gesetzt und so auch f\u00fcr ein gewolltes Klima der Angst gesorgt. Abschiebung und Abschreckung bestimmt die Asylpolitik auf allen Ebenen, auch in der Unterbringung. Echte Gesten der Willkommenskultur \u00fcberl\u00e4sst man nur wiederwillig der wachsenden Zahl an ehrenamtlichen Helfer*innen.<\/p>\n<h3>Fight Racism! Solidarit\u00e4t muss praktisch werden!<\/h3>\n<p>Seit Jahren k\u00e4mpfen Gefl\u00fcchtete in Deutschland an vielen Orten gegen diese Zust\u00e4nde und f\u00fcr ihre Rechte! Sie k\u00e4mpfen nicht allein! So konnten zum Beispiel in Osnabr\u00fcck von einer solidarischen Zivilgesellschaft \u00fcber 30 Abschiebungen durch Blockaden verhindert werden, und in Essen wurden Fahrzeuge unbrauchbar gemacht, die zur Abschiebung von Fl\u00fcchtlingen genutzt wurden.<\/p>\n<h3>Repression gegen Unterst\u00fctzer*innen<\/h3>\n<p>Nachdem am 05.12.2014 in Essen die Zentrale von EHC besetzt wurde, um die Firma nach den bekannt gewordenen Folterungen von Heimbewohner*innen zu schlie\u00dfen, soll den vermeintlichen Aktivist*innen der Besetzung der Prozess gemacht werden. Menschen, die sich der herrschenden Fl\u00fcchtlingspolitik und Profiteur*innen wie EHC aktiv entgegenstellen, wollen wir mit Solidarit\u00e4t begegnen. Trotz der Repression gibt es zunehmend mehr Menschen, die Gefl\u00fcchtete im Alltag unterst\u00fctzen und aktiv willkommen hei\u00dfen. Auch wenn die Zust\u00e4nde in Deutschland und der europ\u00e4ischen Asylpolitk oft \u00fcberm\u00e4chtig wirken und das neue Asylgesetz erst noch vor der T\u00fcr steht, gibt es viele positive Beispiele, wie es besser gehen kann! Packen wir es an!<\/p>\n<h4>Lasst uns viele Zeichen der Solidarit\u00e4t setzen!<br \/>\nGegen den rassistischen Normalzustand!<br \/>\nF\u00fcr eine Welt ohne Grenzen, in der alle Menschen ohne Angst leben k\u00f6nnen!<\/h4>\n<p>&nbsp;<\/p>\n<h2>30. Juni 2015,<br \/>\n17 Uhr, Essen Hauptbahnhof<\/h2>\n","protected":false},"excerpt":{"rendered":"<p>Kommt zur antirassistischen Demonstration am 30. Juni 2015 nach Essen! Globale Bewegungsfreiheit und ein gutes Leben f\u00fcr Alle! Sterben im Mittelmeer beenden! Seit Jahren sterben zehntausende Menschen an Europas Au\u00dfengrenzen bei dem Versuch, Armut und Verfolgung zu entkommen. Obwohl EU-Politiker*innen &hellip; <a href=\"https:\/\/aah.noblogs.org\/?p=1499\">Weiterlesen <span class=\"meta-nav\">&rarr;<\/span><\/a><\/p>\n","protected":false},"author":1605,"featured_media":0,"comment_status":"closed","ping_status":"open","sticky":false,"template":"","format":"standard","meta":{"footnotes":""},"categories":[1],"tags":[],"class_list":["post-1499","post","type-post","status-publish","format-standard","hentry","category-allgemeines"],"_links":{"self":[{"href":"https:\/\/aah.noblogs.org\/index.php?rest_route=\/wp\/v2\/posts\/1499","targetHints":{"allow":["GET"]}}],"collection":[{"href":"https:\/\/aah.noblogs.org\/index.php?rest_route=\/wp\/v2\/posts"}],"about":[{"href":"https:\/\/aah.noblogs.org\/index.php?rest_route=\/wp\/v2\/types\/post"}],"author":[{"embeddable":true,"href":"https:\/\/aah.noblogs.org\/index.php?rest_route=\/wp\/v2\/users\/1605"}],"replies":[{"embeddable":true,"href":"https:\/\/aah.noblogs.org\/index.php?rest_route=%2Fwp%2Fv2%2Fcomments&post=1499"}],"version-history":[{"count":2,"href":"https:\/\/aah.noblogs.org\/index.php?rest_route=\/wp\/v2\/posts\/1499\/revisions"}],"predecessor-version":[{"id":1502,"href":"https:\/\/aah.noblogs.org\/index.php?rest_route=\/wp\/v2\/posts\/1499\/revisions\/1502"}],"wp:attachment":[{"href":"https:\/\/aah.noblogs.org\/index.php?rest_route=%2Fwp%2Fv2%2Fmedia&parent=1499"}],"wp:term":[{"taxonomy":"category","embeddable":true,"href":"https:\/\/aah.noblogs.org\/index.php?rest_route=%2Fwp%2Fv2%2Fcategories&post=1499"},{"taxonomy":"post_tag","embeddable":true,"href":"https:\/\/aah.noblogs.org\/index.php?rest_route=%2Fwp%2Fv2%2Ftags&post=1499"}],"curies":[{"name":"wp","href":"https:\/\/api.w.org\/{rel}","templated":true}]}}