{"id":1504,"date":"2015-08-12T15:42:11","date_gmt":"2015-08-12T13:42:11","guid":{"rendered":"http:\/\/aah.noblogs.org\/?p=1504"},"modified":"2015-08-13T15:51:53","modified_gmt":"2015-08-13T13:51:53","slug":"aih-betreibt-erinnerungskultur-in-hamm","status":"publish","type":"post","link":"https:\/\/aah.noblogs.org\/?p=1504","title":{"rendered":"AIH gedenkt Opfern des Nationalsozialismus in Hamm"},"content":{"rendered":"<p>Wie in den meisten deutschen St\u00e4dten, so kommt auch in Hamm die Erinnerung an den Nationalsozialismus deutlich zu kurz. Gedenken an beispielsweise Sinti &amp; Roma findet quasi nicht, ein Gedenken, dass die Mitt\u00e4ter*innenschaft der deutschen Bev\u00f6lkerung mit einschlie\u00dft, garnicht statt.<\/p>\n<p>Jetzt hat die Antifaschistische Initiative Hamm angefangen das zu \u00e4ndern &#8211; super Aktion!<\/p>\n<p>&#8220;<\/p>\n<div class=\"entry-content\">\n<p><img loading=\"lazy\" decoding=\"async\" class=\"alignnone size-full wp-image-177\" src=\"https:\/\/aihamm.noblogs.org\/files\/2015\/08\/001_cleaned.jpg\" alt=\"001_cleaned\" width=\"2448\" height=\"3264\" \/><\/p>\n<p><strong>Aufschrift der Gedenktafel Hafenstr. Ecke Radbodstr.: <\/strong><br \/>\n<em>\u201cHier standen die \u201cZiegeunerbaracken\u201d, in denen Hammer Sinti &amp; Roma ghettoisiert wurden.<\/em><br \/>\n<em>Am 9.M\u00e4rz 1943 wurde der Gro\u00dfteil von ihnen nach Auschwitz-Birkenau deportiert und get\u00f6tet. Die wenigen \u00dcberlebenden wurden nach ihrer R\u00fcckkehr von wiedereingesetzten Nazis weiter drangsaliert, Entsch\u00e4digungsverfahren seitens der Stadt Hamm aktiv behindert.<\/em><br \/>\n<em>Die Erinnerung an die Sinti &amp; Roma wird in Hamm weiterhin verdr\u00e4ngt. Ein Gedenken an sie findet bis heute nicht statt.\u201d<\/em><br \/>\n<img loading=\"lazy\" decoding=\"async\" class=\"alignnone size-full wp-image-178\" src=\"https:\/\/aihamm.noblogs.org\/files\/2015\/08\/002_cleaned.jpg\" alt=\"002_cleaned\" width=\"2688\" height=\"1651\" \/><\/p>\n<p><strong>Aufschrift der Gedenktafel am Technischen Rathaus:<\/strong><br \/>\n<em>\u201cAuf diesem Gel\u00e4nde befanden sich die \u201cJudenbaracken\u201d, die f\u00fcr viele Hammer J\u00fcd*innen die letzte Station vor der Deportation in Arbeits- oder Vernichtungslager wurden. Der Teil der j\u00fcdischen Bev\u00f6lkerung, der nicht fliehen konnte, wurde in Hamm get\u00f6tet oder deportiert. <\/em><br \/>\n<em>Der deutsche Vernichtungswahn f\u00fchrte in Hamm zur Vollst\u00e4ndigen Ausl\u00f6schung j\u00fcdischen Lebens und Kultur. <\/em><br \/>\n<em>Ohne ein Zusammenwirken der Hammer Beh\u00f6rden und der Bev\u00f6lkerung w\u00e4ren diese Gr\u00e4ueltaten nicht m\u00f6glich gewesen. \u201c<\/em><\/p>\n<p>Den Opfern der Verfolgung durch die Nazis, welche in der Shoah gipfelte, wird an vielen essentiellen Orten in Hamm, wie bspw. den ehem. \u201cJudenbaracken\u201d oder den ehem.\u201dZigeunerbaracken\u201d, nicht gedacht. Damit wird die Stadt wieder einmal ihrer Verantwortung, an die Taten des deutschen Faschismus in Hamm zu erinnern, nicht gerecht. Aus diesem Grund haben wir an den beiden genannten Orten Gedenktafeln angebracht, welche nicht nur an die Opfer der Naziverfolgung, sondern auch an die Mitt\u00e4terschaft der Hammer Bev\u00f6lkerung und den deutschen Verwaltungsapparat erinnern sollen.<br \/>\n<strong>Kein Vergeben, kein Vergessen!&#8220;<\/strong><\/p>\n<\/div>\n<p><strong>Quelle:<\/strong> <a href=\"https:\/\/aihamm.noblogs.org\/post\/2015\/08\/10\/gegen-die-verdraengung-der-schuld-fuer-ein-konsequentes-gedenken-an-die-opfer\/\">https:\/\/aihamm.noblogs.org\/post\/2015\/08\/10\/gegen-die-verdraengung-der-schuld-fuer-ein-konsequentes-gedenken-an-die-opfer\/<\/a><\/p>\n","protected":false},"excerpt":{"rendered":"<p>Wie in den meisten deutschen St\u00e4dten, so kommt auch in Hamm die Erinnerung an den Nationalsozialismus deutlich zu kurz. Gedenken an beispielsweise Sinti &amp; Roma findet quasi nicht, ein Gedenken, dass die Mitt\u00e4ter*innenschaft der deutschen Bev\u00f6lkerung mit einschlie\u00dft, garnicht statt. &hellip; <a href=\"https:\/\/aah.noblogs.org\/?p=1504\">Weiterlesen <span class=\"meta-nav\">&rarr;<\/span><\/a><\/p>\n","protected":false},"author":1605,"featured_media":0,"comment_status":"closed","ping_status":"open","sticky":false,"template":"","format":"standard","meta":{"footnotes":""},"categories":[1],"tags":[],"class_list":["post-1504","post","type-post","status-publish","format-standard","hentry","category-allgemeines"],"_links":{"self":[{"href":"https:\/\/aah.noblogs.org\/index.php?rest_route=\/wp\/v2\/posts\/1504","targetHints":{"allow":["GET"]}}],"collection":[{"href":"https:\/\/aah.noblogs.org\/index.php?rest_route=\/wp\/v2\/posts"}],"about":[{"href":"https:\/\/aah.noblogs.org\/index.php?rest_route=\/wp\/v2\/types\/post"}],"author":[{"embeddable":true,"href":"https:\/\/aah.noblogs.org\/index.php?rest_route=\/wp\/v2\/users\/1605"}],"replies":[{"embeddable":true,"href":"https:\/\/aah.noblogs.org\/index.php?rest_route=%2Fwp%2Fv2%2Fcomments&post=1504"}],"version-history":[{"count":3,"href":"https:\/\/aah.noblogs.org\/index.php?rest_route=\/wp\/v2\/posts\/1504\/revisions"}],"predecessor-version":[{"id":1507,"href":"https:\/\/aah.noblogs.org\/index.php?rest_route=\/wp\/v2\/posts\/1504\/revisions\/1507"}],"wp:attachment":[{"href":"https:\/\/aah.noblogs.org\/index.php?rest_route=%2Fwp%2Fv2%2Fmedia&parent=1504"}],"wp:term":[{"taxonomy":"category","embeddable":true,"href":"https:\/\/aah.noblogs.org\/index.php?rest_route=%2Fwp%2Fv2%2Fcategories&post=1504"},{"taxonomy":"post_tag","embeddable":true,"href":"https:\/\/aah.noblogs.org\/index.php?rest_route=%2Fwp%2Fv2%2Ftags&post=1504"}],"curies":[{"name":"wp","href":"https:\/\/api.w.org\/{rel}","templated":true}]}}