{"id":1510,"date":"2015-08-08T16:05:17","date_gmt":"2015-08-08T14:05:17","guid":{"rendered":"http:\/\/aah.noblogs.org\/?p=1510"},"modified":"2015-08-13T16:09:08","modified_gmt":"2015-08-13T14:09:08","slug":"demo-15-8-freiheit-statt-angst-kommt-nach-muenster","status":"publish","type":"post","link":"https:\/\/aah.noblogs.org\/?p=1510","title":{"rendered":"DEMO 15.8.: &#8222;Freiheit statt Angst&#8220; kommt nach M\u00fcnster"},"content":{"rendered":"<p>Die Deutschlandtour des B\u00fcdnis &#8222;Freiheit statt Angst&#8220; wird am 15. August auch in M\u00fcnster halt machen. Die Demonstration richtet sich unter anderem gegen den deutschen \u00dcberwachungswahn, die Vorratsdatenspeicherung und den Ausbau des VS.<\/p>\n<p><strong>Beginn ist um 14:00 Uhr in der Stubegasse, M\u00fcnster.<\/strong><\/p>\n<p>F\u00fcr weitere Infos besucht <a href=\"http:\/\/antifalinkemuenster.blogsport.de\/2015\/08\/03\/freiheit-statt-angst-demo-in-muenster\/\">http:\/\/antifalinkemuenster.blogsport.de\/2015\/08\/03\/freiheit-statt-angst-demo-in-muenster\/<\/a><\/p>\n","protected":false},"excerpt":{"rendered":"<p>Die Deutschlandtour des B\u00fcdnis &#8222;Freiheit statt Angst&#8220; wird am 15. August auch in M\u00fcnster halt machen. Die Demonstration richtet sich unter anderem gegen den deutschen \u00dcberwachungswahn, die Vorratsdatenspeicherung und den Ausbau des VS. Beginn ist um 14:00 Uhr in der &hellip; <a href=\"https:\/\/aah.noblogs.org\/?p=1510\">Weiterlesen <span class=\"meta-nav\">&rarr;<\/span><\/a><\/p>\n","protected":false},"author":1605,"featured_media":0,"comment_status":"closed","ping_status":"open","sticky":false,"template":"","format":"standard","meta":{"footnotes":""},"categories":[1],"tags":[],"class_list":["post-1510","post","type-post","status-publish","format-standard","hentry","category-allgemeines"],"_links":{"self":[{"href":"https:\/\/aah.noblogs.org\/index.php?rest_route=\/wp\/v2\/posts\/1510","targetHints":{"allow":["GET"]}}],"collection":[{"href":"https:\/\/aah.noblogs.org\/index.php?rest_route=\/wp\/v2\/posts"}],"about":[{"href":"https:\/\/aah.noblogs.org\/index.php?rest_route=\/wp\/v2\/types\/post"}],"author":[{"embeddable":true,"href":"https:\/\/aah.noblogs.org\/index.php?rest_route=\/wp\/v2\/users\/1605"}],"replies":[{"embeddable":true,"href":"https:\/\/aah.noblogs.org\/index.php?rest_route=%2Fwp%2Fv2%2Fcomments&post=1510"}],"version-history":[{"count":1,"href":"https:\/\/aah.noblogs.org\/index.php?rest_route=\/wp\/v2\/posts\/1510\/revisions"}],"predecessor-version":[{"id":1511,"href":"https:\/\/aah.noblogs.org\/index.php?rest_route=\/wp\/v2\/posts\/1510\/revisions\/1511"}],"wp:attachment":[{"href":"https:\/\/aah.noblogs.org\/index.php?rest_route=%2Fwp%2Fv2%2Fmedia&parent=1510"}],"wp:term":[{"taxonomy":"category","embeddable":true,"href":"https:\/\/aah.noblogs.org\/index.php?rest_route=%2Fwp%2Fv2%2Fcategories&post=1510"},{"taxonomy":"post_tag","embeddable":true,"href":"https:\/\/aah.noblogs.org\/index.php?rest_route=%2Fwp%2Fv2%2Ftags&post=1510"}],"curies":[{"name":"wp","href":"https:\/\/api.w.org\/{rel}","templated":true}]}}