{"id":252,"date":"2010-10-26T11:47:22","date_gmt":"2010-10-26T09:47:22","guid":{"rendered":"http:\/\/aah.noblogs.org\/?p=252"},"modified":"2010-10-26T11:48:33","modified_gmt":"2010-10-26T09:48:33","slug":"auf-gehts-ab-gehts","status":"publish","type":"post","link":"https:\/\/aah.noblogs.org\/?p=252","title":{"rendered":"Auf geht&#8217;s! Ab geht&#8217;s!"},"content":{"rendered":"<h3>Antifa-Konzert in Hamm!<\/h3>\n<table style=\"height: 310px\" border=\"0\" width=\"550\">\n<tbody>\n<tr>\n<td><a href=\"https:\/\/aah.noblogs.org\/files\/2010\/10\/flyer_2.jpg\"><img loading=\"lazy\" decoding=\"async\" class=\"alignnone size-medium wp-image-138\" src=\"https:\/\/aah.noblogs.org\/files\/2010\/10\/flyer_2-212x300.jpg\" alt=\"\" width=\"212\" height=\"300\" srcset=\"https:\/\/aah.noblogs.org\/files\/2010\/10\/flyer_2-212x300.jpg 212w, https:\/\/aah.noblogs.org\/files\/2010\/10\/flyer_2.jpg 500w\" sizes=\"auto, (max-width: 212px) 100vw, 212px\" \/><\/a><\/td>\n<td>Diesen Freitag geht&#8217;s steil im guten alten Jugendzentrum S\u00fcdstra\u00dfe (<strong>S\u00fcdstra\u00dfe 28 \/ 59065 Hamm<\/strong>) . Um 18:30 Uhr \u00f6ffnen sich die Pforten und um <strong>19:00 Uhr<\/strong> geht&#8217;s los! Es rocken f\u00fcr euch <strong>Paranoya<\/strong> aus Hamm, <strong>Kommando Zurueck<\/strong> aus M\u00fcnster und noch nen fetter <strong>\u00dcberraschungsact<\/strong>!<\/p>\n<p>Zus\u00e4tzlich gibt&#8217;s nen <strong>Infotisch <\/strong>zu verschiedenen politischen Themen mit Schwerpunkt Antifaschismus und lecker <strong>veganes Essen gegen Spende<\/strong>!<\/p>\n<p>Das alles f\u00fcr <strong>3\u20ac<\/strong>.<\/td>\n<\/tr>\n<\/tbody>\n<\/table>\n","protected":false},"excerpt":{"rendered":"<p>Antifa-Konzert in Hamm! Diesen Freitag geht&#8217;s steil im guten alten Jugendzentrum S\u00fcdstra\u00dfe (S\u00fcdstra\u00dfe 28 \/ 59065 Hamm) . Um 18:30 Uhr \u00f6ffnen sich die Pforten und um 19:00 Uhr geht&#8217;s los! Es rocken f\u00fcr euch Paranoya aus Hamm, Kommando Zurueck &hellip; <a href=\"https:\/\/aah.noblogs.org\/?p=252\">Weiterlesen <span class=\"meta-nav\">&rarr;<\/span><\/a><\/p>\n","protected":false},"author":1605,"featured_media":0,"comment_status":"closed","ping_status":"open","sticky":false,"template":"","format":"standard","meta":{"footnotes":""},"categories":[4,5],"tags":[],"class_list":["post-252","post","type-post","status-publish","format-standard","hentry","category-mobilisierung","category-veranstaltungen"],"_links":{"self":[{"href":"https:\/\/aah.noblogs.org\/index.php?rest_route=\/wp\/v2\/posts\/252","targetHints":{"allow":["GET"]}}],"collection":[{"href":"https:\/\/aah.noblogs.org\/index.php?rest_route=\/wp\/v2\/posts"}],"about":[{"href":"https:\/\/aah.noblogs.org\/index.php?rest_route=\/wp\/v2\/types\/post"}],"author":[{"embeddable":true,"href":"https:\/\/aah.noblogs.org\/index.php?rest_route=\/wp\/v2\/users\/1605"}],"replies":[{"embeddable":true,"href":"https:\/\/aah.noblogs.org\/index.php?rest_route=%2Fwp%2Fv2%2Fcomments&post=252"}],"version-history":[{"count":3,"href":"https:\/\/aah.noblogs.org\/index.php?rest_route=\/wp\/v2\/posts\/252\/revisions"}],"predecessor-version":[{"id":255,"href":"https:\/\/aah.noblogs.org\/index.php?rest_route=\/wp\/v2\/posts\/252\/revisions\/255"}],"wp:attachment":[{"href":"https:\/\/aah.noblogs.org\/index.php?rest_route=%2Fwp%2Fv2%2Fmedia&parent=252"}],"wp:term":[{"taxonomy":"category","embeddable":true,"href":"https:\/\/aah.noblogs.org\/index.php?rest_route=%2Fwp%2Fv2%2Fcategories&post=252"},{"taxonomy":"post_tag","embeddable":true,"href":"https:\/\/aah.noblogs.org\/index.php?rest_route=%2Fwp%2Fv2%2Ftags&post=252"}],"curies":[{"name":"wp","href":"https:\/\/api.w.org\/{rel}","templated":true}]}}