{"id":324,"date":"2010-07-13T19:29:55","date_gmt":"2010-07-13T17:29:55","guid":{"rendered":"http:\/\/aah.noblogs.org\/?p=324"},"modified":"2011-03-03T16:50:46","modified_gmt":"2011-03-03T15:50:46","slug":"selbstverstandnis","status":"publish","type":"post","link":"https:\/\/aah.noblogs.org\/?p=324","title":{"rendered":"Unser Selbstverst\u00e4ndnis"},"content":{"rendered":"<blockquote><p>\u201eDie Chaoten von der Antifa\u201c, \u201edie Antifa ist eine Partei  und vom Staat bezahlt, um Informationen \u00fcber Nazis zu sammeln\u201c,  \u201eAntifas sind doch alles nur paramilit\u00e4rische Schl\u00e4gertrupps\u2026\u201c<\/p><\/blockquote>\n<p>Dies sind nur einige der Ger\u00fcchte und Vorurteile die es zum Thema \u201eAntifa\u201c in der \u00d6ffentlichkeit gibt.<br \/>\nMit dieser Selbstdarstellung m\u00f6chten wir versuchen unsere Vorstellung von Antifa-Arbeit n\u00e4her zu beleuchten.<\/p>\n<p>Dass  auch Jahrzehnte nach der Befreiung vom deutschen Faschismus  antifaschistische Arbeit immer noch eine Notwendigkeit darstellt,  erfahren wir immer wieder, wenn mensch mit offenen Augen diese  Gesellschaft betrachtet: Neonazis organisieren immer wieder Aufm\u00e4rsche  oder \u00fcberfallen Menschen. Immer wieder kommt es zu Morden, wie vor  einigen Jahren in Dortmund. Rassismus und Antisemitismus sind bei vielen  Menschen in Deutschland festes Gedankengut <em><a href=\"http:\/\/library.fes.de\/pdf-files\/do\/04088a.pdf\">(vgl. Friedrich-Ebert-Studie \u201eVom Rand zur Mitte.\u201c 2006)<\/a><\/em>.  Der Staat verwehrt Fl\u00fcchtlingen und Asylsuchenden gleiche Rechte und  schiebt Menschen gegen ihren Willen ab; zur\u00fcck in Hunger, Folter und  Tod. Kriegerische Auseinandersetzungen sind wieder eine \u201enormale\u201c  Handlungspolitik der deutschen Politik geworden. Frauen verdienen immer  noch weniger Geld als M\u00e4nner, von sozialer Gerechtigkeit kann keine Rede  sein.<\/p>\n<p><strong>&gt; Gegen rechte Strukturen vorgehen!<\/strong><\/p>\n<p>Antifa  hei\u00dft erst mal ganz allgemein gegen rechte Strukturen vorzugehen. Wenn  wir als Antifa gegen das Erstarken faschistischer Tendenzen in Staat und  Gesellschaft aktiv werden wollen, dann k\u00e4mpfen zu aller erst gegen die  organisierten Neofaschisten. Dabei wenden wir uns nicht nur gegen  Naziskins, Neonazikameradschaften und Parteien wie die NPD oder DVU,  sondern auch gegen sich bieder gebende Faschisten, die erst einmal nicht  in das Klischee des Neonazis passen.<\/p>\n<p>Antifaschismus bedeutet  auch gegen die Einstellung und Weltanschauungen vorzugehen, die hinter  der extrem rechten Ideologie stecken; Antisemitismus, Rassismus,  Frauenfeindlichkeit, Homophobie, Nationalismus, Milit\u00e4rismus und  autorit\u00e4res Denken.<\/p>\n<p><strong>&gt; Aktiv werden!<\/strong><\/p>\n<p>Wir  greifen dort ein, wo Nazis in die \u00d6ffentlichkeit treten. Wir werden  dort aktiv, wo Freiheiten eingeschr\u00e4nkt werden und Menschen unterdr\u00fcckt  oder diskriminiert werden. Gegen rechte Strukturen vorzugehen bedeutet  also nicht nur dann aktiv zu werden, wenn Neonazis hetzen, versuchen  sich zu organisieren oder Aufm\u00e4rsche anmelden, sondern auch gegen rechte  Strukturen in den K\u00f6pfen der Menschen vorzugehen. Bruchst\u00fccke extrem  rechter Ideologie sind auch in anderen Teilen der Gesellschaft zu finden  (<em>\u2192 Asylgesetz<\/em> etc.). Diese gesellschaftlichen Verh\u00e4ltnisse bilden die Grundlage f\u00fcr extrem rechte Einstellungen.<\/p>\n<p><strong>&gt; We don\u2018t want just one cake \u2013 we want the whole fuckin\u2018 bakery!<\/strong><\/p>\n<p>Wir  wollen in einer klassenlosen und herrschaftsfreien Gesellschaft leben.  Eine Gesellschaft ohne Ausbeutung und Unterdr\u00fcckung. Wir wollen ein  gutes Leben f\u00fcr alle! Der Kapitalismus ist nicht das Ende der  Geschichte, seine \u00dcberwindung angesichts der sozialen und \u00f6kologischen  Katastrophen mit denen wir fast t\u00e4glich konfrontiert werden, notwendiger  denn je.<\/p>\n<p><strong>&gt; Wir brauchen kein Parteibuch<\/strong><\/p>\n<p>Antifaschistische  Aktion ist keine Partei oder politische Organisation im \u00fcblichen Sinne.  Wir wollen nicht gew\u00e4hlt werden oder eine politische Macht darstellen  und schon gar nicht regieren.<br \/>\nWir lehnen Herrschaft des Menschen  \u00fcber den Menschen prinzipiell ab. Deshalb arbeiten wir auch in unserer  Gruppe ohne Hierarchien. Wir haben keine ChefIn, Vorstand und auch keine  Posten zu vergeben. Jeder und Jede kann sich einbringen. Wir sind eine  unabh\u00e4ngige Gruppe und arbeiten nicht mit staatlichen Organen zusammen  und bekommen auch kein Geld von diesen.<\/p>\n<p><strong>&gt; \u2026 und auch keinen Bundesvorstand<\/strong><\/p>\n<p>Andere  Antifa-Gruppen arbeiten nach \u00e4hnlichen Prinzipien. Dennoch gibt es  keine \u00fcbergeordnete Struktur der Antifa-Gruppen, keine Bundesvorstand  oder \u00e4hnliches. Verschiedene Gruppen organisieren sich in Netzwerken und  Zusammenschl\u00fcssen <em><a href=\"http:\/\/antifaunited.blogsport.de\/\">(\u2192 Antifa United; Antifagruppen im Kreis Unna und Umgebung)<\/a><\/em> , andere hingegen arbeiten komplett alleine. Keine Antifa ist wie die  andere, genauso wie jeder Mensch innerhalb der Gruppen unterschiedlich  ist.<br \/>\nWir beteiligen uns an \u00fcberregionalen Vernetzungen.<\/p>\n<p><strong>&gt; Think global \u2013 act local!<\/strong><\/p>\n<p>Der  Schwerpunkt unserer politischen Arbeit liegt auf lokaler Ebene; wir  werden vor der eigenen Haust\u00fcr aktiv. Wir mischen uns aber auch \u00fcberall  dort ein, wo wir eine Unterst\u00fctzung f\u00fcr notwendig erachten.<\/p>\n<p><strong>&gt; Get active!!!<\/strong><\/p>\n<p>Bei  uns ist jede und jeder willkommen, egal wie alt sie oder er ist. Wir  sind uns dar\u00fcber bewusst, dass mensch nicht immer einer Meinung sein  kann. Das ist v\u00f6llig normal und wichtig \u2013 Gegens\u00e4tze und  unterschiedliche Auffassung und Meinungen wollen wir \u2013 falls notwendig \u2013  innerhalb der Gruppe diskutieren. Hierbei soll niemanden eine Meinung  aufgedr\u00e4ngt werden. Gespr\u00e4che, Diskussionen und nat\u00fcrlich auch Aktionen  bringen mit der Zeit immer mehr Erfahrung und Wissen. Unsere St\u00e4rke ist  unsere Unterschiedlichkeit, genauso wie unsere Gemeinsamkeiten.<\/p>\n","protected":false},"excerpt":{"rendered":"<p>\u201eDie Chaoten von der Antifa\u201c, \u201edie Antifa ist eine Partei und vom Staat bezahlt, um Informationen \u00fcber Nazis zu sammeln\u201c, \u201eAntifas sind doch alles nur paramilit\u00e4rische Schl\u00e4gertrupps\u2026\u201c Dies sind nur einige der Ger\u00fcchte und Vorurteile die es zum Thema \u201eAntifa\u201c &hellip; <a href=\"https:\/\/aah.noblogs.org\/?p=324\">Weiterlesen <span class=\"meta-nav\">&rarr;<\/span><\/a><\/p>\n","protected":false},"author":1605,"featured_media":0,"comment_status":"closed","ping_status":"open","sticky":false,"template":"","format":"standard","meta":{"footnotes":""},"categories":[1],"tags":[],"class_list":["post-324","post","type-post","status-publish","format-standard","hentry","category-allgemeines"],"_links":{"self":[{"href":"https:\/\/aah.noblogs.org\/index.php?rest_route=\/wp\/v2\/posts\/324","targetHints":{"allow":["GET"]}}],"collection":[{"href":"https:\/\/aah.noblogs.org\/index.php?rest_route=\/wp\/v2\/posts"}],"about":[{"href":"https:\/\/aah.noblogs.org\/index.php?rest_route=\/wp\/v2\/types\/post"}],"author":[{"embeddable":true,"href":"https:\/\/aah.noblogs.org\/index.php?rest_route=\/wp\/v2\/users\/1605"}],"replies":[{"embeddable":true,"href":"https:\/\/aah.noblogs.org\/index.php?rest_route=%2Fwp%2Fv2%2Fcomments&post=324"}],"version-history":[{"count":4,"href":"https:\/\/aah.noblogs.org\/index.php?rest_route=\/wp\/v2\/posts\/324\/revisions"}],"predecessor-version":[{"id":327,"href":"https:\/\/aah.noblogs.org\/index.php?rest_route=\/wp\/v2\/posts\/324\/revisions\/327"}],"wp:attachment":[{"href":"https:\/\/aah.noblogs.org\/index.php?rest_route=%2Fwp%2Fv2%2Fmedia&parent=324"}],"wp:term":[{"taxonomy":"category","embeddable":true,"href":"https:\/\/aah.noblogs.org\/index.php?rest_route=%2Fwp%2Fv2%2Fcategories&post=324"},{"taxonomy":"post_tag","embeddable":true,"href":"https:\/\/aah.noblogs.org\/index.php?rest_route=%2Fwp%2Fv2%2Ftags&post=324"}],"curies":[{"name":"wp","href":"https:\/\/api.w.org\/{rel}","templated":true}]}}