{"id":840,"date":"2012-06-25T19:38:15","date_gmt":"2012-06-25T17:38:15","guid":{"rendered":"http:\/\/aah.noblogs.org\/?p=840"},"modified":"2012-06-25T19:49:54","modified_gmt":"2012-06-25T17:49:54","slug":"bad-nenndorf-04-08-2012-deutschland-niedersachsen-bad-nenndorf-so-it-goes","status":"publish","type":"post","link":"https:\/\/aah.noblogs.org\/?p=840","title":{"rendered":"Bad Nenndorf 04.08.2012 Deutschland \u2013 Niedersachsen \u2013 Bad Nenndorf: So it goes!"},"content":{"rendered":"<h2>NS-Verherrlichung stoppen!<\/h2>\n<p style=\"text-align: justify\">Am 04.08.2012 j\u00e4hrt sich der sogenannte \u201eTrauermarsch\u201c der bundesweiten Neonaziszene in Bad Nenndorf (Niedersachsen) bereits zum 7. Mal!<br \/>\nDer Anlass f\u00fcr die Neonazis, die \u00fcberwiegend aus dem \u201eFreie Kr\u00e4fte\u201c-Spektrum stammen, sich Jahr f\u00fcr Jahr in der unscheinbaren Kleinstadt zu versammeln, ist den damals im Wincklerbad internierten Mitgliedern von NSDAP und SS zu gedenken. \u00c4hnlich wie bei den fr\u00fcher statt gefundenen Rudolf-Hess-Gedenkm\u00e4rschen ist das Ziel der Neonazis mit der Thematik, die mit dem Wincklerbad verbunden ist, den Mythos der Deutschen als Opfer weiter zu entwickeln, also Geschichtsrevisionismus zu betreiben, und diesen in die \u00d6ffentlichkeit zu tragen. Der Aufmarsch der Neonazis in Bad Nenndorf steht dabei im Kontext mit einer gesamtgesellschaftlichen Entwicklung, welche versucht, die von den Deutschen ver\u00fcbten Verbrechen zu europ\u00e4isieren und zu verharmlosen. Damit einhergehend wird die Verantwortung f\u00fcr die industrielle Vernichtung von \u00fcber 6 Millionen J\u00fcd*innen und anderen Menschen von der deutschen Politik dazu genutzt sich als \u201eAufarbeitungsweltmeister\u201c zu generieren, welcher aus der Geschichte gelernt h\u00e4tte und nun nicht nur wieder als ernst zu nehmende Nation in der Staatengemeinschaft mitmischen, sondern auch ihren Konkurrent*innen Vorschriften machen kann.<\/p>\n<p style=\"text-align: justify\">Auf geht\u2019s in die n\u00e4chste Runde \u2013 <strong>Bad Nenndorf eskalieren lassen!<\/strong><\/p>\n<p style=\"text-align: justify\"><strong><!--more-->Deutschland:<\/strong><\/p>\n<p style=\"text-align: justify\">Nach dem Bekanntwerden der rassistischen Morde durch den \u201eNationalsozialistischen Untergrund\u201c und der Verstrickungen des Verfassungsschutzes in die Strukturen der NPD und des \u201eNSU\u201c reagierte die deutsche \u00d6ffentlichkeit mit einer Mischung aus Erschrecken und Fassungslosigkeit \u2013 diesen Momenten ist nach kurzer Zeit wieder die R\u00fcckkehr zur deutschen Normalit\u00e4t gefolgt. Der allt\u00e4gliche Rassismus, der sich auch in den Ermittlungspannen der deutschen Beh\u00f6rden widerspiegelt, bleibt beim gesellschaftlichen Diskurs \u00fcber die Morde des \u201eNSU\u201c ausgeblendet. Zwar wurde von offizieller Seite immer wieder betont, dass die verantwortlichen Beh\u00f6rden die Existenz eines neonazistischen Mordkommandos nie f\u00fcr ein realistisches Szenario gehalten h\u00e4tten, dennoch ist inzwischen zumindest Teils bewiesen, dass Verfassungsschutz und Co mehr wussten als sie aktuell zugeben. Und um dem Ganzen die Krone aufzusetzen wird die aktuelle Situation dazu benutzt, genau diese staatlichen Institutionen weiter aufzur\u00fcsten. Es ist sicherlich keine \u00dcberraschung, dass der deutsche Staat und auch gro\u00dfe Teile der deutschen Gesellschaft so reagiert haben, denn staatliche Institutionen und die Idee Nationalismus sind exklusive Konstrukte und in ihnen somit soziale Ausgrenzung und menschenverachtende Ideologien angelegt. Dass die st\u00e4ndige Diskriminierung von Menschen, die nicht wei\u00df-deutsch sind oder einfach nicht den richtigen Pass haben, in der Diskussion nach dem Bekanntwerden der Morde keine Rolle gespielt hat, \u00fcberrascht daher nicht sondern ist Ausdruck der deutschen Ideologie, in der Abstammung immer noch von einem Denken im Sinne von \u201eBlut und Boden\u201c gepr\u00e4gt ist. Diese Zust\u00e4nde sollten ein deutliches Zeichen an die radikale Linke sein, die Waffen der Kritik und der praktischen Solidarit\u00e4t wann immer es n\u00f6tig ist einzusetzen!<\/p>\n<p style=\"text-align: justify\">Staatlicher Antifaschismus muss immer dann scheitern, wenn es an die Grundlagen der b\u00fcrgerlichen Gesellschaft geht, und er zielt garantiert nicht darauf ab den eigenen, staatlichen Rassismus abzubauen. Dar\u00fcber hinaus ist ein solches Staatsprogramm kein Mittel, um vorherrschende Ideologien aus den K\u00f6pfen der Menschen zu bek\u00e4mpfen. Antifaschismus ist und bleibt eine Aufgabe der radikalen Linken. Es gilt autonom agierendes, antifaschistisches und antirassistisches Engagement wieder zu befl\u00fcgeln und trotz der in den letzten Jahren erstarkenden Repression von staatlicher Seite den Kampf um etwas Besseres als die Nation nicht aufzugeben!<\/p>\n<p style=\"text-align: justify\"><strong>Niedersachsen:<\/strong><\/p>\n<p style=\"text-align: justify\">Die jahrelange Politik von Landesregierung und Kommunalpolitik, die der rechten Szene in Niedersachsen viele Freiheiten lie\u00df, w\u00e4hrend sie antifaschistische Initiativen fast immer behinderte und kriminalisierte, macht sich bereits seit einigen Jahren bemerkbar. Eines der deutlichsten Beispiele hierf\u00fcr ist die \u201eNationale Offensive Schaumburg\u201c, die 2006 ma\u00dfgeblicher Initiator des Aufmarsches war und deren ehemalige Kader bis heute in der Region zwischen Hannover und Bielefeld Schl\u00fcsselpositionen im Kameradschaftsspektrum einnehmen. Von den lokalen Polizeibeh\u00f6rden allerdings wurden die Aktivit\u00e4ten der NOS und ihres Umfeldes weitestgehend ignoriert. In den letzten anderthalb Jahren kam es vor allem in B\u00fcckeburg immer wieder zu Angriffen auf Migrant*innen und Linke. Ziel der Neonazis ist es eine \u201eNational befreite Zone\u201c zu errichten. K\u00f6rperliche Gewalt gegen alle, die nicht in das faschistische und rassistische Weltbild passen, ist das Mittel um ein Klima der Angst zu erzeugen. Ein durchgef\u00fchrter Aufmarsch st\u00e4rkt gerade auch die lokalen neonazistischen Strukturen, gibt ihnen \u00d6ffentlichkeit f\u00fcr ihre revisionistischen Inhalte und untermauert ein Zusammengeh\u00f6rigkeitsgef\u00fchl innerhalb der Naziszene. Er ist also ein zentraler Identifikationspunkt. Es ist nichts desto trotz ebenso wichtig, auch an den 364 anderen Tagen im Jahr lokale antifaschistische Kampagnen zu unterst\u00fctzen!<\/p>\n<p style=\"text-align: justify\"><strong>Bad Nenndorf:<\/strong><\/p>\n<p style=\"text-align: justify\">Eine Stadt, die sich \u00f6ffentlich gegen den j\u00e4hrlich stattfindenden Naziaufmarsch positioniert, gleichzeitig aber eine Schriftstellerin als Ehrenb\u00fcrgerin auszeichnet, die sich in ihren Texten offen als Anh\u00e4ngerin des Nationalsozialismus positionierte, l\u00e4sst die von der Stadt organisierten Gegenproteste in einem \u00e4u\u00dferst fragw\u00fcrdigen Licht erscheinen. Denn das offizielle Gedenken an Agnes Miegel findet sich in Bad Nenndorf \u00fcberall: Sie ist Namensgeberin f\u00fcr einen Platz, ihr wurde ein Museum gewidmet, ein Verein mit ihrem Namen besteht und bietet damit nicht nur einen weiteren Ankn\u00fcpfungspunkt f\u00fcr Neonazis, sondern zeigt insbesondere in welcher Art und Weise die Geschichte reflektiert wird. Diese Verleugnung von Parallelen zum Nationalsozialismus verdeutlicht die Verkl\u00e4rtheit im Hinblick auf die eigene Rolle in der deutschen Geschichte und Gesellschaft. Die blinde Identifikation der lokal patriotischen Gemeinschaft, mit z.B. einer Agnes Miegel als Repr\u00e4sentationsfigur, m\u00fcndet im Nationalismus, welcher sich dann oft in Form unreflektierter Ignoranz oder gar bewusster Akzeptanz diverser rechter und geschichtsrevisionistischer Aktivit\u00e4ten in der Region wiederfindet.<br \/>\nDa sich aber die Bewohner*innen Bad Nenndorfs aus ihrem b\u00fcrgerlichen Selbstverst\u00e4ndnis heraus als ordentliche deutsche Demokrat*innen verstehen, folgt die Abgrenzung zu den Neonazis in Form b\u00fcrgerlichen Protestes unter dem Motto \u201eBad Nenndorf ist bunt\u201c. Dass sich dabei reflexhaft nat\u00fcrlich auch von Extremist*innen jeglicher Couleur abgegrenzt werden muss, entspricht der Linie der CDU\/FDP Landesregierung Niedersachsens, die sich \u00e4hnlich wie die Landesregierung Sachsens der Extremismusideologie verschrieben hat.<\/p>\n<p style=\"text-align: justify\"><strong>Beteiligt euch an den Aktivit\u00e4ten gegen den Naziaufmarsch in Bad Nenndorf!<br \/>\nKommt zur antifaschistischen Demonstration am 4.8.2012 um 10 Uhr nach Bad Nenndorf!<br \/>\nNaziaufm\u00e4rsche verhindern \u2013 die herrschenden Verh\u00e4ltnisse kippen!<br \/>\nIn Bad Nenndorf und \u00dcberall!<\/strong><\/p>\n","protected":false},"excerpt":{"rendered":"<p>NS-Verherrlichung stoppen! Am 04.08.2012 j\u00e4hrt sich der sogenannte \u201eTrauermarsch\u201c der bundesweiten Neonaziszene in Bad Nenndorf (Niedersachsen) bereits zum 7. Mal! Der Anlass f\u00fcr die Neonazis, die \u00fcberwiegend aus dem \u201eFreie Kr\u00e4fte\u201c-Spektrum stammen, sich Jahr f\u00fcr Jahr in der unscheinbaren Kleinstadt &hellip; <a href=\"https:\/\/aah.noblogs.org\/?p=840\">Weiterlesen <span class=\"meta-nav\">&rarr;<\/span><\/a><\/p>\n","protected":false},"author":1605,"featured_media":0,"comment_status":"closed","ping_status":"open","sticky":false,"template":"","format":"standard","meta":{"footnotes":""},"categories":[4],"tags":[],"class_list":["post-840","post","type-post","status-publish","format-standard","hentry","category-mobilisierung"],"_links":{"self":[{"href":"https:\/\/aah.noblogs.org\/index.php?rest_route=\/wp\/v2\/posts\/840","targetHints":{"allow":["GET"]}}],"collection":[{"href":"https:\/\/aah.noblogs.org\/index.php?rest_route=\/wp\/v2\/posts"}],"about":[{"href":"https:\/\/aah.noblogs.org\/index.php?rest_route=\/wp\/v2\/types\/post"}],"author":[{"embeddable":true,"href":"https:\/\/aah.noblogs.org\/index.php?rest_route=\/wp\/v2\/users\/1605"}],"replies":[{"embeddable":true,"href":"https:\/\/aah.noblogs.org\/index.php?rest_route=%2Fwp%2Fv2%2Fcomments&post=840"}],"version-history":[{"count":4,"href":"https:\/\/aah.noblogs.org\/index.php?rest_route=\/wp\/v2\/posts\/840\/revisions"}],"predecessor-version":[{"id":847,"href":"https:\/\/aah.noblogs.org\/index.php?rest_route=\/wp\/v2\/posts\/840\/revisions\/847"}],"wp:attachment":[{"href":"https:\/\/aah.noblogs.org\/index.php?rest_route=%2Fwp%2Fv2%2Fmedia&parent=840"}],"wp:term":[{"taxonomy":"category","embeddable":true,"href":"https:\/\/aah.noblogs.org\/index.php?rest_route=%2Fwp%2Fv2%2Fcategories&post=840"},{"taxonomy":"post_tag","embeddable":true,"href":"https:\/\/aah.noblogs.org\/index.php?rest_route=%2Fwp%2Fv2%2Ftags&post=840"}],"curies":[{"name":"wp","href":"https:\/\/api.w.org\/{rel}","templated":true}]}}