{"id":920,"date":"2012-09-27T11:00:10","date_gmt":"2012-09-27T09:00:10","guid":{"rendered":"http:\/\/aah.noblogs.org\/?p=920"},"modified":"2012-09-27T19:45:05","modified_gmt":"2012-09-27T17:45:05","slug":"verbot-der-kameradschaft-hamm-kameradschaft-aachener-land-nationaler-widerstand-dortmund","status":"publish","type":"post","link":"https:\/\/aah.noblogs.org\/?p=920","title":{"rendered":"Verbot der Kameradschaft Hamm \/ Kameradschaft Aachener Land \/ Nationaler Widerstand Dortmund"},"content":{"rendered":"<p>+++26.09.2012+++<a href=\"https:\/\/aah.noblogs.org\/files\/2012\/09\/wa_artikel_2709.jpg\">Verbot der KSH<\/a> ist endg\u00fcltig rechtskr\u00e4ftig+++<\/p>\n<p><strong>KSH, KAL und NWDO verboten!\u00a0\u00a0\u00a0<\/strong>\u00a0\u00a0\u00a0\u00a0\u00a0\u00a0\u00a0\u00a0\u00a0\u00a0\u00a0\u00a0\u00a0 \u00a0 \u00a0\u00a0\u00a0\u00a0\u00a0\u00a0\u00a0\u00a0\u00a0\u00a0\u00a0\u00a0\u00a0\u00a0\u00a0\u00a0\u00a0\u00a0\u00a0\u00a0\u00a0\u00a0\u00a0\u00a0\u00a0\u00a0\u00a0\u00a0\u00a0\u00a0\u00a0\u00a0\u00a0\u00a0\u00a0\u00a0\u00a0\u00a0\u00a0\u00a0\u00a0\u00a0\u00a0\u00a0\u00a0\u00a0\u00a0\u00a0\u00a0\u00a0\u00a0\u00a0\u00a0\u00a0\u00a0\u00a0\u00a0\u00a0\u00a0\u00a0\u00a0\u00a0\u00a0\u00a0\u00a0\u00a0\u00a0\u00a0\u00a0\u00a0\u00a0\u00a0 Am Donnerstagmorgen, den 23.08.2012, hat NRW Innenminister Ralf J\u00e4ger die drei gro\u00dfen Naziorganisationen \u201eKameradschaft Hamm\u201c, \u201eKameradschaft Aachener Land\u201c und den \u201eNationalen Widerstand Dortmund\u201c, der auch federf\u00fchrend bei der Organisation des anstehenden Antikriegstages am 01. September ist, verboten!<br \/>\nAb 6 Uhr morgens fanden Razzien statt, \u00fcber 900 Polizeibeamt_innen dursuchten in Dortmund, Bochum, L\u00fcnen, Essen, Unna, Schwerte, Herdecke, Gelsenkirchen, Hamm, M\u00fcnster und Bielefeld mehr als 140 Objekte, darunter auch das \u201cNationale Zentrum\u201d an der Rheinischen Stra\u00dfe 135, welches dem NW Dortmund zugerechnet wird.<\/p>\n<p><strong>\u201eVilla Kunterbraun\u201c ist Geschichte.<\/strong><br \/>\nAuch das vermeintliche \u201cNationale Zentrum\u201d an der Werler Stra\u00dfe 82 in Hamm war Objekt der Razzia. Die ehemalige Gastst\u00e4tte wurde erst k\u00fcrzlich vom f\u00fchrenden Kameradschaftsmitglied Sascha Krolzig gemietet und wurde unter anderem als Veranstaltungsraum genutzt. Nach einer Veranstaltung der NPD mit der verurteilten Holocaustleugnerin Ursula Haverbeck-Wetzel am vorletzten Samstag wurden die Vorg\u00e4nge in der Immobilie auch der breiten \u00d6ffentlichkeit bekannt gemacht, wir informierten bereits im Vorfeld den Vermieter \u00fcber die Situation. Dieser zog die Konsequenzen und k\u00fcndigte den Nazis.<br \/>\nBei der Razzia am Donnerstag r\u00e4umte ein Speditionsunternehmen die gesamte Immobilie aus, jegliches Inventar wurde mitgenommen und auch das Verm\u00f6gen der Kameradschaft Hamm sowie der anderen verbotenen Gruppieren wurden vom Land NRW beschlagnahmt. Insgesamt wurden 16 Objekte in Hamm durchsucht, dabei wurden unter anderem \u201cAcht Gaspistolen, eine schussf\u00e4hig gemachte Gaspistole, zwei Schlagst\u00f6cke, acht Messer (teils mit Hakenkreuzen) f\u00fcnf Schlagringe und zweimal Pfefferspray\u201d (Quelle: wa.de) gefunden.<\/p>\n<p><strong>\u201eBisher umfangreichster Schlag gegen die rechtsextreme Szene in NRW\u201c<\/strong><br \/>\nIn einer Pressekonferenz am Mittag bezeichnete J\u00e4ger das scheinbar von langer Hand geplante Vorhaben als \u201cschwersten Schlag\u201d gegen die Neonazi-Szene in Nordrhein-Westfalen. &#8222;Aus diesen Kameradschaften haben die Mitglieder eine ganze Reihe von Straftaten begangen \u2013 feige, brutale \u00dcbergriffe gegen Andersdenkende, Migranten bedroht und verfolgt (\u2026) damit ist jetzt Schluss. \u201c<br \/>\nObwohl der heutige Tag f\u00fcr uns, wie f\u00fcr alle Genoss_innen in NRW, ein Grund zum Feiern ist, d\u00fcrfen wir nicht vergessen, wie lange es gedauert hat, bis das Problem des Rechtsradikalismus erkannt wurde. Bis vor einem Jahr wurde \u00fcberhaupt das Bestehen rechter Strukturen in Hamm von der Stadt geleugnet und von breiten Teilen der Bev\u00f6lkerung ignoriert. Die Razzien heute legen offen, wie gut die Szene innerhalb NRWs und auch mit der NPD vernetzt ist. Durch die fl\u00e4chendeckende Beschlagnahmung des gesamten Inventars sowie der finanziellen Mittel der Gruppierungen wurde ihre Handlungsf\u00e4higkeit zwar massiv eingeschr\u00e4nkt, doch das Vorgehen heute darf nicht alleine stehen.<br \/>\nDie Mitglieder der verbotenen Strukturen m\u00fcssen weiterhin konsequent beobachtet werden, w\u00fcnschenswert w\u00e4ren auch Verbote der kommenden Naziaufm\u00e4rsche in Dortmund und Hamm.<br \/>\nDa die sehr gewaltbereiten Mitglieder der Szene noch nie vor \u00dcbergriffen auf politische Gegner_innen zur\u00fcck geschreckt sind, ist besonders in den kommenden Tagen mit Vorkommnissen zu rechnen, auch Kundgebungen sind zu erwarten.<br \/>\nDas Verbot \u00e4ndert auch nichts an dem immer st\u00e4rker werdenden Rassismus, der Fremdenfeindlichkeit und dem wieder aufkommendem Antisemitismus in Deutschland.<\/p>\n<p>Wir machen weiter mit einem unbeirrten und konsequenten Aktivismus gegen Rechts, sowohl gegen Strukturen der extremen Rechten als auch gegen die Verankerung und den Fortbestand rechter Ideologie in der Mitte der Gesellschaft.<\/p>\n<p>&nbsp;<\/p>\n<p>&nbsp;<\/p>\n","protected":false},"excerpt":{"rendered":"<p>+++26.09.2012+++Verbot der KSH ist endg\u00fcltig rechtskr\u00e4ftig+++ KSH, KAL und NWDO verboten!\u00a0\u00a0\u00a0\u00a0\u00a0\u00a0\u00a0\u00a0\u00a0\u00a0\u00a0\u00a0\u00a0\u00a0\u00a0\u00a0 \u00a0 \u00a0\u00a0\u00a0\u00a0\u00a0\u00a0\u00a0\u00a0\u00a0\u00a0\u00a0\u00a0\u00a0\u00a0\u00a0\u00a0\u00a0\u00a0\u00a0\u00a0\u00a0\u00a0\u00a0\u00a0\u00a0\u00a0\u00a0\u00a0\u00a0\u00a0\u00a0\u00a0\u00a0\u00a0\u00a0\u00a0\u00a0\u00a0\u00a0\u00a0\u00a0\u00a0\u00a0\u00a0\u00a0\u00a0\u00a0\u00a0\u00a0\u00a0\u00a0\u00a0\u00a0\u00a0\u00a0\u00a0\u00a0\u00a0\u00a0\u00a0\u00a0\u00a0\u00a0\u00a0\u00a0\u00a0\u00a0\u00a0\u00a0\u00a0\u00a0\u00a0 Am Donnerstagmorgen, den 23.08.2012, hat NRW Innenminister Ralf J\u00e4ger die drei gro\u00dfen Naziorganisationen \u201eKameradschaft Hamm\u201c, \u201eKameradschaft Aachener Land\u201c und den \u201eNationalen Widerstand Dortmund\u201c, der auch federf\u00fchrend bei &hellip; <a href=\"https:\/\/aah.noblogs.org\/?p=920\">Weiterlesen <span class=\"meta-nav\">&rarr;<\/span><\/a><\/p>\n","protected":false},"author":1605,"featured_media":0,"comment_status":"closed","ping_status":"open","sticky":false,"template":"","format":"standard","meta":{"footnotes":""},"categories":[1],"tags":[],"class_list":["post-920","post","type-post","status-publish","format-standard","hentry","category-allgemeines"],"_links":{"self":[{"href":"https:\/\/aah.noblogs.org\/index.php?rest_route=\/wp\/v2\/posts\/920","targetHints":{"allow":["GET"]}}],"collection":[{"href":"https:\/\/aah.noblogs.org\/index.php?rest_route=\/wp\/v2\/posts"}],"about":[{"href":"https:\/\/aah.noblogs.org\/index.php?rest_route=\/wp\/v2\/types\/post"}],"author":[{"embeddable":true,"href":"https:\/\/aah.noblogs.org\/index.php?rest_route=\/wp\/v2\/users\/1605"}],"replies":[{"embeddable":true,"href":"https:\/\/aah.noblogs.org\/index.php?rest_route=%2Fwp%2Fv2%2Fcomments&post=920"}],"version-history":[{"count":3,"href":"https:\/\/aah.noblogs.org\/index.php?rest_route=\/wp\/v2\/posts\/920\/revisions"}],"predecessor-version":[{"id":922,"href":"https:\/\/aah.noblogs.org\/index.php?rest_route=\/wp\/v2\/posts\/920\/revisions\/922"}],"wp:attachment":[{"href":"https:\/\/aah.noblogs.org\/index.php?rest_route=%2Fwp%2Fv2%2Fmedia&parent=920"}],"wp:term":[{"taxonomy":"category","embeddable":true,"href":"https:\/\/aah.noblogs.org\/index.php?rest_route=%2Fwp%2Fv2%2Fcategories&post=920"},{"taxonomy":"post_tag","embeddable":true,"href":"https:\/\/aah.noblogs.org\/index.php?rest_route=%2Fwp%2Fv2%2Ftags&post=920"}],"curies":[{"name":"wp","href":"https:\/\/api.w.org\/{rel}","templated":true}]}}