{"id":955,"date":"2012-09-15T09:29:10","date_gmt":"2012-09-15T07:29:10","guid":{"rendered":"http:\/\/aah.noblogs.org\/?p=955"},"modified":"2012-09-18T09:34:20","modified_gmt":"2012-09-18T07:34:20","slug":"npd-zentrale-dichtmachen-antifa-demo-am-22-09-in-essen","status":"publish","type":"post","link":"https:\/\/aah.noblogs.org\/?p=955","title":{"rendered":"NPD-Zentrale dichtmachen! Antifa-Demo am 22.09. in Essen"},"content":{"rendered":"<p><strong><img loading=\"lazy\" decoding=\"async\" src=\"http:\/\/wordpress.antifa-essen.de\/wp-content\/uploads\/2012\/09\/npd-zentrale01.jpg\" alt=\"\" width=\"468\" height=\"140\" \/><\/strong><\/p>\n<p>Mehrere Jahrzehnte lang existierte in Bochum-Wattenscheid die Landeszentrale der nordrhein-westf\u00e4lischen NPD. Nun hat die rechtsradikale Partei in der Marienstra\u00dfe 66a im Essener Stadtteil Kray eine neue Bleibe gefunden. In den letzten Wochen fanden hier bereits mehrere Treffen statt, an denen Parteifunktion\u00e4re aus ganz NRW teilnahmen.<\/p>\n<p>Die NPD verbreitet offen rassistische und antisemitische Positionen und stellt sich unverhohlen in die Tradition der historischen Nationalsozialisten. Sie ist aktuell die gr\u00f6\u00dfte und erfolgreichste rechtsradikale Partei in Deutschland. Zumindest in Ostdeutschland ist es ihr zwischenzeitlich gelungen, sich auch auf der parlamentarischen Ebene zu etablieren. In Nordrhein-Westfalen hingegen erreichte sie bei der diesj\u00e4hrigen Landtagswahl ein Ergebnis von gerade einmal 0,5 Prozent und scheiterte damit deutlich an der F\u00fcnfprozenth\u00fcrde. Doch trotz ihrer parlamentarischen Bedeutungslosigkeit stellt die Partei auch in Westdeutschland insbesondere f\u00fcr Migranten und politische Linke eine reale Gefahr dar, denn immer wieder versuchen ihre Anh\u00e4nger ihr menschenverachtendes Ziel einer ethnisch und kulturell homogenen Volksgemeinschaft mit k\u00f6rperlicher Gewalt umzusetzen. Die NPD bietet militanten Neonazis Infrastruktur und einen legalen Rahmen f\u00fcr ihre Aktivit\u00e4ten.<!--more--><\/p>\n<p>In Essen ist die rechtsradikale Partei seit einigen Jahren wieder \u00fcberaus aktiv. Die Wahl des damals 26-j\u00e4hrigen Parteiaktivisten Marcel Haliti zum Kreisverbandsvorsitzenden markierte im Jahr 2009 einen Generationenwechsel in der Essener NPD. Haliti ist es gelungen, eine gro\u00dfe Zahl junger und aktionistisch ausgerichteter Neonazis in die Strukturen des Kreisverbands einzubinden. Insbesondere in den Stadtteilen des Essener Nordens finden seither regelm\u00e4\u00dfig Infost\u00e4nde oder kleinere Kundgebungen statt, f\u00fcr die die Partei intern bis zu 50 Personen mobilisieren kann.<\/p>\n<p>Die Er\u00f6ffnung der NPD-Landeszentrale wird aller Voraussicht nach zu einer Ausweitung rechter Aktivit\u00e4ten und zu einer weiteren St\u00e4rkung der rechten Szene in Essen f\u00fchren. Wir wollen diese Entwicklung nicht hinnehmen und rufen deshalb zur Demonstration gegen die NPD und ihre Parteizentrale in Essen-Kray auf.<\/p>\n","protected":false},"excerpt":{"rendered":"<p>Mehrere Jahrzehnte lang existierte in Bochum-Wattenscheid die Landeszentrale der nordrhein-westf\u00e4lischen NPD. Nun hat die rechtsradikale Partei in der Marienstra\u00dfe 66a im Essener Stadtteil Kray eine neue Bleibe gefunden. In den letzten Wochen fanden hier bereits mehrere Treffen statt, an denen &hellip; <a href=\"https:\/\/aah.noblogs.org\/?p=955\">Weiterlesen <span class=\"meta-nav\">&rarr;<\/span><\/a><\/p>\n","protected":false},"author":1605,"featured_media":0,"comment_status":"closed","ping_status":"open","sticky":false,"template":"","format":"standard","meta":{"footnotes":""},"categories":[1],"tags":[],"class_list":["post-955","post","type-post","status-publish","format-standard","hentry","category-allgemeines"],"_links":{"self":[{"href":"https:\/\/aah.noblogs.org\/index.php?rest_route=\/wp\/v2\/posts\/955","targetHints":{"allow":["GET"]}}],"collection":[{"href":"https:\/\/aah.noblogs.org\/index.php?rest_route=\/wp\/v2\/posts"}],"about":[{"href":"https:\/\/aah.noblogs.org\/index.php?rest_route=\/wp\/v2\/types\/post"}],"author":[{"embeddable":true,"href":"https:\/\/aah.noblogs.org\/index.php?rest_route=\/wp\/v2\/users\/1605"}],"replies":[{"embeddable":true,"href":"https:\/\/aah.noblogs.org\/index.php?rest_route=%2Fwp%2Fv2%2Fcomments&post=955"}],"version-history":[{"count":2,"href":"https:\/\/aah.noblogs.org\/index.php?rest_route=\/wp\/v2\/posts\/955\/revisions"}],"predecessor-version":[{"id":957,"href":"https:\/\/aah.noblogs.org\/index.php?rest_route=\/wp\/v2\/posts\/955\/revisions\/957"}],"wp:attachment":[{"href":"https:\/\/aah.noblogs.org\/index.php?rest_route=%2Fwp%2Fv2%2Fmedia&parent=955"}],"wp:term":[{"taxonomy":"category","embeddable":true,"href":"https:\/\/aah.noblogs.org\/index.php?rest_route=%2Fwp%2Fv2%2Fcategories&post=955"},{"taxonomy":"post_tag","embeddable":true,"href":"https:\/\/aah.noblogs.org\/index.php?rest_route=%2Fwp%2Fv2%2Ftags&post=955"}],"curies":[{"name":"wp","href":"https:\/\/api.w.org\/{rel}","templated":true}]}}