{"id":958,"date":"2012-09-18T09:40:11","date_gmt":"2012-09-18T07:40:11","guid":{"rendered":"http:\/\/aah.noblogs.org\/?p=958"},"modified":"2012-09-18T09:40:11","modified_gmt":"2012-09-18T07:40:11","slug":"bnr-ober-autonome-werden-parteichefs","status":"publish","type":"post","link":"https:\/\/aah.noblogs.org\/?p=958","title":{"rendered":"bnr: Ober-\u201eAutonome\u201c werden Parteichefs"},"content":{"rendered":"<div>\n<p><strong>Dortmund \u2013 Drei f\u00fchrende Vertreter der \u201eAutonomen Nationalisten\u201c im Ruhrgebiet bilden den Kern des nordrhein-westf\u00e4lischen Landesvorstands bei Christian Worchs Partei \u201eDie Rechte\u201c.<\/strong><\/p>\n<\/div>\n<p>Wie aus deren Reihen per Twitter und Facebook mitgeteilt wurde, fand am Samstag der Gr\u00fcndungsparteitag des NRW-Landesverbandes statt \u2013 wohl nicht zuf\u00e4llig in Dorstfeld, jenem Dortmunder Stadtteil, in dem sich Rechts-\u201eAutonome\u201c in den letzten Jahren zunehmend breit gemacht hatten. Zum Landesvorsitzenden wurde demnach Dennis Giemsch gew\u00e4hlt. Er galt als f\u00fchrender Kopf der Gruppierung \u201eNationaler Widerstand Dortmund\u201c (NWDO). NRW-Innenminister Ralf J\u00e4ger hatte die Neonazi-Vereinigung im August verboten. Auch Giemschs Stellvertreter im Landesvorsitz von \u201eDie Rechte\u201c kommt aus der F\u00fchrungsriege des NWDO: Michael Br\u00fcck soll als NRW-Vize fungieren.<!--more--><\/p>\n<p>Im k\u00fcnftigen Landesvorstand vertreten ist auch der Ex-Anf\u00fchrer der ebenfalls verbotenen neonazistischen \u201eKameradschaft Hamm\u201c: Sascha Krolzig, der als \u201eStudent der Rechtswissenschaften\u201c vorgestellt wird, solle \u201einsbesondere f\u00fcr juristische Fragen eine Antwort finden\u201c. Zum Vorstand geh\u00f6ren au\u00dferdem ein Schatzmeister und ein Pressesprecher, die nicht namentlich genannt wurden.<\/p>\n<p>Die Funktion\u00e4re des neuen Landesverbandes hoffen offenbar auf weiteren Zuwachs aus den Reihen bisher \u201eparteifreier\u201c Neonazis. \u201eBereits jetzt ist erkennbar, dass ein enormes Potential im Rheinland und Westfalen vorhanden ist, das es nun auszusch\u00f6pfen gilt!\u201c, hei\u00dft es in einem Bericht \u00fcber den Gr\u00fcndungsparteitag.<\/p>\n<p>Bereits in der vorigen Woche war bekannt geworden, dass sich in Dortmund eine lokale Gruppe von Worchs Partei gebildet hatte; in Hamm war \u201eDie Rechte\u201c als Veranstalterin einer schlie\u00dflich abgesagten Neonazi-Demonstration genannt worden (bnr.de berichtete <a href=\"http:\/\/www.bnr.de\/artikel\/aktuelle-meldungen\/neonazis-unter-neuem-label\">hier<\/a> und <a href=\"http:\/\/www.bnr.de\/artikel\/aktuelle-meldungen\/neonazi-demonstration-in-hamm-abgesagt\">hier<\/a>).<\/p>\n","protected":false},"excerpt":{"rendered":"<p>Dortmund \u2013 Drei f\u00fchrende Vertreter der \u201eAutonomen Nationalisten\u201c im Ruhrgebiet bilden den Kern des nordrhein-westf\u00e4lischen Landesvorstands bei Christian Worchs Partei \u201eDie Rechte\u201c. Wie aus deren Reihen per Twitter und Facebook mitgeteilt wurde, fand am Samstag der Gr\u00fcndungsparteitag des NRW-Landesverbandes statt &hellip; <a href=\"https:\/\/aah.noblogs.org\/?p=958\">Weiterlesen <span class=\"meta-nav\">&rarr;<\/span><\/a><\/p>\n","protected":false},"author":1605,"featured_media":0,"comment_status":"closed","ping_status":"open","sticky":false,"template":"","format":"standard","meta":{"footnotes":""},"categories":[1],"tags":[],"class_list":["post-958","post","type-post","status-publish","format-standard","hentry","category-allgemeines"],"_links":{"self":[{"href":"https:\/\/aah.noblogs.org\/index.php?rest_route=\/wp\/v2\/posts\/958","targetHints":{"allow":["GET"]}}],"collection":[{"href":"https:\/\/aah.noblogs.org\/index.php?rest_route=\/wp\/v2\/posts"}],"about":[{"href":"https:\/\/aah.noblogs.org\/index.php?rest_route=\/wp\/v2\/types\/post"}],"author":[{"embeddable":true,"href":"https:\/\/aah.noblogs.org\/index.php?rest_route=\/wp\/v2\/users\/1605"}],"replies":[{"embeddable":true,"href":"https:\/\/aah.noblogs.org\/index.php?rest_route=%2Fwp%2Fv2%2Fcomments&post=958"}],"version-history":[{"count":2,"href":"https:\/\/aah.noblogs.org\/index.php?rest_route=\/wp\/v2\/posts\/958\/revisions"}],"predecessor-version":[{"id":960,"href":"https:\/\/aah.noblogs.org\/index.php?rest_route=\/wp\/v2\/posts\/958\/revisions\/960"}],"wp:attachment":[{"href":"https:\/\/aah.noblogs.org\/index.php?rest_route=%2Fwp%2Fv2%2Fmedia&parent=958"}],"wp:term":[{"taxonomy":"category","embeddable":true,"href":"https:\/\/aah.noblogs.org\/index.php?rest_route=%2Fwp%2Fv2%2Fcategories&post=958"},{"taxonomy":"post_tag","embeddable":true,"href":"https:\/\/aah.noblogs.org\/index.php?rest_route=%2Fwp%2Fv2%2Ftags&post=958"}],"curies":[{"name":"wp","href":"https:\/\/api.w.org\/{rel}","templated":true}]}}