{"id":990,"date":"2012-12-16T20:17:54","date_gmt":"2012-12-16T19:17:54","guid":{"rendered":"http:\/\/aah.noblogs.org\/?p=990"},"modified":"2012-12-16T20:17:54","modified_gmt":"2012-12-16T19:17:54","slug":"dresden-nicht-lange-fackeln-nazis-blockieren","status":"publish","type":"post","link":"https:\/\/aah.noblogs.org\/?p=990","title":{"rendered":"Dresden &#8211; Nicht lange fackeln \u2013 Nazis blockieren!"},"content":{"rendered":"<h2>13. Februar \u2013 kein Tag f\u00fcr Nazis<\/h2>\n<p>Seit vielen Jahren versammeln sich am und um den 13. Februar in Dresden Nazis zu einem sogenannten \u201eTrauermarsch\u201c. Am Jahrestag der Bombardierung Dresdens im Zweiten Weltkrieg verdrehen sie die Geschichte und nutzen den Mythos von der \u201eunschuldigen Stadt\u201c. Die Tradition des \u201estillen Gedenkens\u201c bietet den Nazis nach wie vor Anschlusspunkte. Sie verhindert, an diesem Tag aus der gesamten Breite der Dresdner Gesellschaft auf Nazis mit aller Vehemenz zu reagieren. Bis zum Jahr 2009 entwickelte sich der allj\u00e4hrliche Aufmarsch so zum gr\u00f6\u00dften Nazi-Ereignis in ganz Europa.<\/p>\n<p>Eine wirksame Strategie gegen den Naziaufmarsch konnte erst 2010 mit dem Mittel der Massenblockade umgesetzt werden. Getragen von dem bundesweit und spektren\u00fcbergreifend agierenden B\u00fcndnis \u201eNazifrei! &#8211; Dresden stellt sich quer\u201c versperrten damals tausende Menschen die Route der Nazis. Dieser Erfolg wurde 2011 wiederholt, und 2012 sagten die Nazis ihren Gro\u00dfaufmarsch dann gleich ganz ab. Vielmehr setzten weit \u00fcber zehntausend Aktivist_innen auf einer der gr\u00f6\u00dften antifaschistischen Demonstrationen seit 1989 ein deutliches Zeichen: Der Gro\u00dfaufmarsch der Nazis in seiner bisherigen Form scheint Geschichte zu sein!<!--more--><\/p>\n<p>Doch gilt es weiterhin, aufmerksam zu bleiben. Wir als B\u00fcndnis \u201eNazifrei! \u2013 Dresden stellt sich quer\u201c werden wieder einschreiten, falls Nazis am 13. Februar 2013 erneut versuchen, die NS-Geschichte zu verkl\u00e4ren. Unsere Strategie bleibt dabei das Erfolgskonzept der Blockade. Umfragen<sup>1<\/sup> zeigen: Die gro\u00dfe Mehrheit der Stadtbev\u00f6lkerung bef\u00fcrwortet es, wenn wir Nazis in Dresden blockieren. Bisher wurden die Kampagnen umfassend europaweit unterst\u00fctzt. 2013 liegt die Verantwortung mehr denn je in Dresden. Stellen wir uns gegen Rassismus und Geschichtsrevisionismus! Stoppen wir die Nazis gemeinsam!<\/p>\n<p>Das B\u00fcndnis \u201eNazifrei! \u2013 Dresden stellt sich quer\u201c war von Beginn an mehr als ein reines Aktionsb\u00fcndnis. Zur Erfolgsgeschichte geh\u00f6rt auch der Mahngang \u201eT\u00e4terspuren\u201c. Damit ist es uns gelungen, f\u00fcr die NS-Geschichte Dresdens zu sensibilisieren und einen Kontrapunkt zur offiziellen st\u00e4dtischen Erinnerungspolitik zu setzen. Um den Geschichtsdiskurs in Dresden auch in Zukunft mit einer kritischen Perspektive zu begleiten, werden wir dieses Projekt fortf\u00fchren.<\/p>\n<p>Dem gro\u00dfen Engagement tausender Antifaschist_innen steht bis heute staatliche Repression entgegen. Immer noch laufen Ermittlungs- und Gerichtsverfahren, noch immer werden neue Strafbefehle erstellt. Diese Kriminalisierung erw\u00e4chst aus der Extremismusdoktrin, welche antifaschistisches Engagement mit Naziaktivit\u00e4ten gleichsetzt. Diese Ideologie ist umso skandal\u00f6ser vor dem Hintergrund des Versagens des sogenannten Verfassungsschutzes und weiterer staatlicher Institutionen. F\u00fcr uns steht fest: Antifaschismus k\u00f6nnen wir nicht dem Staat \u00fcberlassen! Wir stehen weiterhin zusammen gegen jeden Versuch autorit\u00e4rer Einsch\u00fcchterung.<\/p>\n<p>Sagen, was man tut, und tun, was man sagt \u2013 dadurch war das Handeln des B\u00fcndnisses \u201eNazifrei! \u2013 Dresden stellt sich quer\u201c die letzten Jahre gepr\u00e4gt. Dabei bleibt es! Wir wollen auch im Februar 2013 jeden Aufmarschversuch der Nazis blockieren. Von uns wird dabei keine Eskalation ausgehen. Wir sind solidarisch mit allen, die das Ziel teilen, den Naziaufmarsch zu verhindern. \u201eUnsere Vielfalt ist unsere St\u00e4rke\u201c \u2013 das war unser Credo der letzten Jahre. Dabei bleibt es! Und es bleibt auch dabei: Ziviler Ungehorsam ist unser Recht, Blockaden sind legitim.<\/p>\n<p>Nie wieder Faschismus! Nie wieder Krieg!<\/p>\n","protected":false},"excerpt":{"rendered":"<p>13. Februar \u2013 kein Tag f\u00fcr Nazis Seit vielen Jahren versammeln sich am und um den 13. Februar in Dresden Nazis zu einem sogenannten \u201eTrauermarsch\u201c. Am Jahrestag der Bombardierung Dresdens im Zweiten Weltkrieg verdrehen sie die Geschichte und nutzen den &hellip; <a href=\"https:\/\/aah.noblogs.org\/?p=990\">Weiterlesen <span class=\"meta-nav\">&rarr;<\/span><\/a><\/p>\n","protected":false},"author":1605,"featured_media":0,"comment_status":"closed","ping_status":"open","sticky":false,"template":"","format":"standard","meta":{"footnotes":""},"categories":[4],"tags":[],"class_list":["post-990","post","type-post","status-publish","format-standard","hentry","category-mobilisierung"],"_links":{"self":[{"href":"https:\/\/aah.noblogs.org\/index.php?rest_route=\/wp\/v2\/posts\/990","targetHints":{"allow":["GET"]}}],"collection":[{"href":"https:\/\/aah.noblogs.org\/index.php?rest_route=\/wp\/v2\/posts"}],"about":[{"href":"https:\/\/aah.noblogs.org\/index.php?rest_route=\/wp\/v2\/types\/post"}],"author":[{"embeddable":true,"href":"https:\/\/aah.noblogs.org\/index.php?rest_route=\/wp\/v2\/users\/1605"}],"replies":[{"embeddable":true,"href":"https:\/\/aah.noblogs.org\/index.php?rest_route=%2Fwp%2Fv2%2Fcomments&post=990"}],"version-history":[{"count":2,"href":"https:\/\/aah.noblogs.org\/index.php?rest_route=\/wp\/v2\/posts\/990\/revisions"}],"predecessor-version":[{"id":993,"href":"https:\/\/aah.noblogs.org\/index.php?rest_route=\/wp\/v2\/posts\/990\/revisions\/993"}],"wp:attachment":[{"href":"https:\/\/aah.noblogs.org\/index.php?rest_route=%2Fwp%2Fv2%2Fmedia&parent=990"}],"wp:term":[{"taxonomy":"category","embeddable":true,"href":"https:\/\/aah.noblogs.org\/index.php?rest_route=%2Fwp%2Fv2%2Fcategories&post=990"},{"taxonomy":"post_tag","embeddable":true,"href":"https:\/\/aah.noblogs.org\/index.php?rest_route=%2Fwp%2Fv2%2Ftags&post=990"}],"curies":[{"name":"wp","href":"https:\/\/api.w.org\/{rel}","templated":true}]}}